{"id":1756,"date":"2022-10-27T14:27:00","date_gmt":"2022-10-27T12:27:00","guid":{"rendered":"https:\/\/europeawineracks.com\/?p=1756"},"modified":"2025-10-14T11:03:35","modified_gmt":"2025-10-14T09:03:35","slug":"quelle-temperature-pour-une-cave-a-vin","status":"publish","type":"post","link":"https:\/\/europeawineracks.com\/pt\/quelle-temperature-pour-une-cave-a-vin\/","title":{"rendered":"Qual a temperatura de uma cave de vinhos?"},"content":{"rendered":"<div data-elementor-type=\"wp-post\" data-elementor-id=\"1756\" class=\"elementor elementor-1756\" data-elementor-post-type=\"post\">\n\t\t\t\t\t\t<section class=\"elementor-section elementor-top-section elementor-element elementor-element-9b239b0 elementor-section-boxed elementor-section-height-default elementor-section-height-default\" data-id=\"9b239b0\" data-element_type=\"section\" data-e-type=\"section\">\n\t\t\t\t\t\t<div class=\"elementor-container elementor-column-gap-default\">\n\t\t\t\t\t<div class=\"elementor-column elementor-col-100 elementor-top-column elementor-element elementor-element-13b28f8\" data-id=\"13b28f8\" data-element_type=\"column\" data-e-type=\"column\">\n\t\t\t<div class=\"elementor-widget-wrap elementor-element-populated\">\n\t\t\t\t\t\t<div class=\"elementor-element elementor-element-51c10a3 elementor-widget elementor-widget-heading\" data-id=\"51c10a3\" data-element_type=\"widget\" data-e-type=\"widget\" data-widget_type=\"heading.default\">\n\t\t\t\t\t<h1 class=\"elementor-heading-title elementor-size-default\">Que temperatura para uma cave a vinhos?<\/h1>\t\t\t\t<\/div>\n\t\t\t\t\t<\/div>\n\t\t<\/div>\n\t\t\t\t\t<\/div>\n\t\t<\/section>\n\t\t\t\t<section class=\"elementor-section elementor-top-section elementor-element elementor-element-5d1a3c0 elementor-section-boxed elementor-section-height-default elementor-section-height-default\" data-id=\"5d1a3c0\" data-element_type=\"section\" data-e-type=\"section\">\n\t\t\t\t\t\t<div class=\"elementor-container elementor-column-gap-default\">\n\t\t\t\t\t<div class=\"elementor-column elementor-col-100 elementor-top-column elementor-element elementor-element-b8a1929\" data-id=\"b8a1929\" data-element_type=\"column\" data-e-type=\"column\">\n\t\t\t<div class=\"elementor-widget-wrap elementor-element-populated\">\n\t\t\t\t\t\t<div class=\"elementor-element elementor-element-e36e414 elementor-widget elementor-widget-image\" data-id=\"e36e414\" data-element_type=\"widget\" data-e-type=\"widget\" data-widget_type=\"image.default\">\n\t\t\t\t\t\t\t\t\t\t\t\t\t\t\t<img fetchpriority=\"high\" decoding=\"async\" width=\"600\" height=\"400\" src=\"https:\/\/europeawineracks.com\/wp-content\/uploads\/2022\/07\/etageres-a-vin.jpg\" class=\"attachment-large size-large wp-image-665\" alt=\"\" srcset=\"https:\/\/europeawineracks.com\/wp-content\/uploads\/2022\/07\/etageres-a-vin.jpg 600w, https:\/\/europeawineracks.com\/wp-content\/uploads\/2022\/07\/etageres-a-vin-300x200.jpg 300w\" sizes=\"(max-width: 600px) 100vw, 600px\" \/>\t\t\t\t\t\t\t\t\t\t\t\t\t\t\t<\/div>\n\t\t\t\t<div class=\"elementor-element elementor-element-419b143 elementor-widget elementor-widget-text-editor\" data-id=\"419b143\" data-element_type=\"widget\" data-e-type=\"widget\" data-widget_type=\"text-editor.default\">\n\t\t\t\t\t\t\t\t\tVinhos tintos, vinhos brancos, vinhos ros\u00e9s, champanhes, vinhos doces naturais\u2026 todas as categorias de vinhos n\u00e3o se degustam \u00e0 mesma temperatura. Contudo, para permitir uma<strong> conserva\u00e7\u00e3o<\/strong> optimal e um processo de <strong>envelhecimento<\/strong> que permitem que o vinho melhore com o passar dos anos, \u00e9 preciso respeitar uma certa <strong>temperatura<\/strong> no seio da sua<strong> adega<\/strong>.\n\nIdealmente, a temperatura pretendida num <strong>adega<\/strong> deve ser de 12 graus de forma constante e evitando qualquer varia\u00e7\u00e3o. Na realidade, embora seja dif\u00edcil manter a temperatura de uma cave ao grau perto, uma margem entre 10 e 14 graus \u00e9 tolerada sem que isso prejudique o potencial de envelhecimento e conserva\u00e7\u00e3o dos seus preciosos n\u00e9ctares.\n\n<h2 style=\"color: #303036; font-size: 16px; font-family: Montserrat;\">Como \u00e9 que uma temperatura de conserva\u00e7\u00e3o incorreta afeta o vinho?<\/h2>\n\nEntre todas as condi\u00e7\u00f5es que uma cave a vinhos digna desse nome deve cumprir, a manuten\u00e7\u00e3o de uma temperatura ideal \u00e9 certamente o crit\u00e9rio mais importante, juntamente com o grau de humidade.\n\nUm vinho conservado num ambiente demasiado quente envelhecer\u00e1 muito mais rapidamente e n\u00e3o dar\u00e1 tempo para os taninos se aperfei\u00e7oarem. Ter\u00e1 ent\u00e3o grandes probabilidades de abrir e degustar um vinho ins\u00edpido ou muito aqu\u00e9m das suas expectativas quando n\u00e3o descobrir que o vinho azedou.\n\nA<strong> temperatura de conserva\u00e7\u00e3o<\/strong> demasiado elevada traduzir-se-\u00e1 diretamente nos aromas dos vinhos com uma sensa\u00e7\u00e3o de fruta cozida ou caramelizada. Os danos podem tamb\u00e9m revelar-se na rolha, que se dilata e sujeita o vinho ao risco de oxida\u00e7\u00e3o, tornando-o impr\u00f3prio para consumo.\n\nPor outro lado, se as temperaturas na sua adega forem demasiado baixas, corre o risco de a matura\u00e7\u00e3o dos seus vinhos parar e de n\u00e3o obter qualquer benef\u00edcio em os deixar envelhecer, pelo contr\u00e1rio.\n\n<h2 style=\"color: #303036; font-size: 16px; font-family: Montserrat;\">A que temperatura deve ser servido o vinho?<\/h2>\n\nEm mat\u00e9ria de garrafeira, \u00e9 preciso distinguir os diferentes tipos de arranjar os espa\u00e7os de acordo com os objetivos. \u00c9 assim que uma <strong>adega de envelhecimento <\/strong>vai permitir que o vinho se desenvolva melhor, enquanto uma cave de servi\u00e7o ou um arm\u00e1rio de vinhos permitir\u00e3o colocar as garrafas a uma temperatura \u00f3tima para a degusta\u00e7\u00e3o do vinho.\n\n<h2 style=\"color: #303036; font-size: 16px; font-family: Montserrat;\">A Mill\u00e9sime Wine Racks d\u00e1-lhe algumas dicas de especialistas para servir o vinho \u00e0 temperatura certa:<\/h2>\n\n<h3 style=\"color: #303036; font-size: 16px; font-family: Montserrat;\">Os vinhos brancos<\/h3>\n<ul>\n \t<li>Entre 7 e 8 graus para champanhes, vinhos do Porto e espumantes em geral.<\/li>\n \t<li>Entre 9 e 10 graus para os vinhos da Als\u00e1cia em vindima tardia ou para os vinhos doces.<\/li>\n \t<li>Entre 11 e 12 graus para vinhos brancos secos, vinhos nobres, champanhes com colheita ou vinhos de sobremesa de grandes crias.<\/li>\n \t<li>Entre 13 e 14 graus para os vinhos amarelos ou vinhos brancos secos de renome.<\/li>\n \t<li>Entre 15 e 16 graus para vinhos brancos com boa capacidade de guarda.<\/li>\n<\/ul>\n<h3 style=\"color: #303036; font-size: 16px; font-family: Montserrat;\">Vinhos ros\u00e9s<\/h3>\n\n<ul>\n \t<li>Entre 7 e 8 graus para champanhes ros\u00e9s e outros vinhos espumantes ros\u00e9s.<\/li>\n \t<li>9 a 10 graus para os ros\u00e9s leves ditos \u00abde beber fresco\u00bb.<\/li>\n \t<li>Entre 11 e 12 graus para os ros\u00e9s cl\u00e1ssicos ou os champanhes ros\u00e9s com colheita.<\/li>\n \t<li>Entre 13 e 14 graus para os Borgonha ros\u00e9s, os vinhos clarete ou os ros\u00e9s mais encorpados.<\/li>\n<\/ul>\n<h3 style=\"color: #303036; font-size: 16px; font-family: Montserrat;\">Os vinhos tintos<\/h3>\n<ul>\n<ul>\n \t<li>11 a 12 graus para vinhos tintos frutados.<\/li>\n \t<li>Entre 13 e 14 graus para os Beaujolais ou os vinhos doces naturais.<\/li>\n \t<li>De 15 a 16 graus para os vinhos do Loire, do Rh\u00f4ne e da Borgonha.<\/li>\n \t<li>Entre 17 e 18 graus para os Bordeaux e todos os outros vinhos tintos ou para vinhos do tipo Porto.<\/li>\n \t<li>At\u00e9 19 a 20 graus para os grandes crus, os vinhos mais elaborados ou as grandes colheitas.<\/li>\n<\/ul>\t\t\t\t\t\t\t\t<\/div>\n\t\t\t\t\t<\/div>\n\t\t<\/div>\n\t\t\t\t\t<\/div>\n\t\t<\/section>\n\t\t\t\t<\/div>","protected":false},"excerpt":{"rendered":"<p>Que temperatura para uma cave de vinhos? Vinhos tintos, vinhos brancos, vinhos ros\u00e9s, champanhes, vinhos naturais... nem todos os tipos de vinho podem ser apreciados \u00e0 mesma temperatura. No entanto, para garantir uma conserva\u00e7\u00e3o \u00f3ptima e um processo de envelhecimento que permita ao vinho melhorar ao longo dos anos, \u00e9 aconselh\u00e1vel [...]<\/p>","protected":false},"author":2,"featured_media":665,"comment_status":"closed","ping_status":"closed","sticky":false,"template":"","format":"standard","meta":{"content-type":"","iawp_total_views":237,"footnotes":""},"categories":[1],"tags":[],"class_list":["post-1756","post","type-post","status-publish","format-standard","has-post-thumbnail","hentry","category-non-classifiee"],"yoast_head":"<!-- This site is optimized with the Yoast SEO Premium plugin v27.1 (Yoast SEO v28.3) - https:\/\/yoast.com\/product\/yoast-seo-premium-wordpress\/ -->\n<title>Quelle temp\u00e9rature pour une cave \u00e0 vin\u00a0?<\/title>\n<meta name=\"description\" content=\"Dotez-vous d&#039;une cave \u00e0 vin murale ou d&#039;\u00e9tag\u00e8res personnalis\u00e9es d&#039;Europea Wine Racks pour un rangement \u00e9l\u00e9gant et pratique.\" \/>\n<meta name=\"robots\" content=\"index, follow, max-snippet:-1, max-image-preview:large, max-video-preview:-1\" \/>\n<link rel=\"canonical\" href=\"https:\/\/europeawineracks.com\/pt\/quelle-temperature-pour-une-cave-a-vin\/\" \/>\n<meta property=\"og:locale\" content=\"pt_PT\" \/>\n<meta property=\"og:type\" content=\"article\" \/>\n<meta property=\"og:title\" content=\"Quelle temp\u00e9rature pour une cave \u00e0 vin\u00a0?\" \/>\n<meta property=\"og:description\" content=\"Mobilier cave \u00e0 vin sur mesure : Europea Wine Racks con\u00e7oit des \u00e9tag\u00e8res \u00e0 vin et casiers \u00e0 vin pour caves \u00e9l\u00e9gantes et fonctionnelles.\" \/>\n<meta property=\"og:url\" content=\"https:\/\/europeawineracks.com\/pt\/quelle-temperature-pour-une-cave-a-vin\/\" \/>\n<meta property=\"og:site_name\" content=\"\u00c9tag\u00e8res et cave \u00e0 vin\" \/>\n<meta property=\"article:publisher\" content=\"https:\/\/www.facebook.com\/people\/Europea-Wine-Racks\/61570316947224\/\" \/>\n<meta property=\"article:published_time\" content=\"2022-10-27T12:27:00+00:00\" \/>\n<meta property=\"article:modified_time\" content=\"2025-10-14T09:03:35+00:00\" \/>\n<meta property=\"og:image\" content=\"https:\/\/europeawineracks.com\/wp-content\/uploads\/2022\/07\/millesime-wine-cellar-86.jpg\" \/>\n\t<meta property=\"og:image:width\" content=\"600\" \/>\n\t<meta property=\"og:image:height\" content=\"400\" \/>\n\t<meta property=\"og:image:type\" content=\"image\/jpeg\" \/>\n<meta name=\"author\" content=\"admin\" \/>\n<meta name=\"twitter:card\" content=\"summary_large_image\" \/>\n<meta name=\"twitter:label1\" content=\"Escrito por\" \/>\n\t<meta name=\"twitter:data1\" content=\"admin\" \/>\n\t<meta name=\"twitter:label2\" content=\"Tempo estimado de leitura\" \/>\n\t<meta name=\"twitter:data2\" content=\"4 minutos\" \/>\n<script type=\"application\/ld+json\" class=\"yoast-schema-graph\">{\"@context\":\"https:\\\/\\\/schema.org\",\"@graph\":[{\"@type\":\"Article\",\"@id\":\"https:\\\/\\\/europeawineracks.com\\\/quelle-temperature-pour-une-cave-a-vin\\\/#article\",\"isPartOf\":{\"@id\":\"https:\\\/\\\/europeawineracks.com\\\/quelle-temperature-pour-une-cave-a-vin\\\/\"},\"author\":{\"name\":\"admin\",\"@id\":\"https:\\\/\\\/europeawineracks.com\\\/#\\\/schema\\\/person\\\/52904b7e2361b7bc4875668a139c837d\"},\"headline\":\"Quelle temp\u00e9rature pour une cave \u00e0 vin\u00a0?\",\"datePublished\":\"2022-10-27T12:27:00+00:00\",\"dateModified\":\"2025-10-14T09:03:35+00:00\",\"mainEntityOfPage\":{\"@id\":\"https:\\\/\\\/europeawineracks.com\\\/quelle-temperature-pour-une-cave-a-vin\\\/\"},\"wordCount\":669,\"publisher\":{\"@id\":\"https:\\\/\\\/europeawineracks.com\\\/#organization\"},\"image\":{\"@id\":\"https:\\\/\\\/europeawineracks.com\\\/quelle-temperature-pour-une-cave-a-vin\\\/#primaryimage\"},\"thumbnailUrl\":\"https:\\\/\\\/europeawineracks.com\\\/wp-content\\\/uploads\\\/2022\\\/07\\\/etageres-a-vin.jpg\",\"articleSection\":[\"Non classifi\u00e9(e)\"],\"inLanguage\":\"pt-PT\"},{\"@type\":\"WebPage\",\"@id\":\"https:\\\/\\\/europeawineracks.com\\\/quelle-temperature-pour-une-cave-a-vin\\\/\",\"url\":\"https:\\\/\\\/europeawineracks.com\\\/quelle-temperature-pour-une-cave-a-vin\\\/\",\"name\":\"Quelle temp\u00e9rature pour une cave \u00e0 vin\u00a0?\",\"isPartOf\":{\"@id\":\"https:\\\/\\\/europeawineracks.com\\\/#website\"},\"primaryImageOfPage\":{\"@id\":\"https:\\\/\\\/europeawineracks.com\\\/quelle-temperature-pour-une-cave-a-vin\\\/#primaryimage\"},\"image\":{\"@id\":\"https:\\\/\\\/europeawineracks.com\\\/quelle-temperature-pour-une-cave-a-vin\\\/#primaryimage\"},\"thumbnailUrl\":\"https:\\\/\\\/europeawineracks.com\\\/wp-content\\\/uploads\\\/2022\\\/07\\\/etageres-a-vin.jpg\",\"datePublished\":\"2022-10-27T12:27:00+00:00\",\"dateModified\":\"2025-10-14T09:03:35+00:00\",\"description\":\"Dotez-vous d'une cave \u00e0 vin murale ou d'\u00e9tag\u00e8res personnalis\u00e9es d'Europea Wine Racks pour un rangement \u00e9l\u00e9gant et pratique.\",\"breadcrumb\":{\"@id\":\"https:\\\/\\\/europeawineracks.com\\\/quelle-temperature-pour-une-cave-a-vin\\\/#breadcrumb\"},\"inLanguage\":\"pt-PT\",\"potentialAction\":[{\"@type\":\"ReadAction\",\"target\":[\"https:\\\/\\\/europeawineracks.com\\\/quelle-temperature-pour-une-cave-a-vin\\\/\"]}]},{\"@type\":\"ImageObject\",\"inLanguage\":\"pt-PT\",\"@id\":\"https:\\\/\\\/europeawineracks.com\\\/quelle-temperature-pour-une-cave-a-vin\\\/#primaryimage\",\"url\":\"https:\\\/\\\/europeawineracks.com\\\/wp-content\\\/uploads\\\/2022\\\/07\\\/etageres-a-vin.jpg\",\"contentUrl\":\"https:\\\/\\\/europeawineracks.com\\\/wp-content\\\/uploads\\\/2022\\\/07\\\/etageres-a-vin.jpg\",\"width\":600,\"height\":400},{\"@type\":\"BreadcrumbList\",\"@id\":\"https:\\\/\\\/europeawineracks.com\\\/quelle-temperature-pour-une-cave-a-vin\\\/#breadcrumb\",\"itemListElement\":[{\"@type\":\"ListItem\",\"position\":1,\"name\":\"Accueil\",\"item\":\"https:\\\/\\\/europeawineracks.com\\\/\"},{\"@type\":\"ListItem\",\"position\":2,\"name\":\"Quelle temp\u00e9rature pour une cave \u00e0 vin\u00a0?\"}]},{\"@type\":\"WebSite\",\"@id\":\"https:\\\/\\\/europeawineracks.com\\\/#website\",\"url\":\"https:\\\/\\\/europeawineracks.com\\\/\",\"name\":\"Europea Wine Racks\",\"description\":\"Vos grands crus sous tous les angles\",\"publisher\":{\"@id\":\"https:\\\/\\\/europeawineracks.com\\\/#organization\"},\"potentialAction\":[{\"@type\":\"SearchAction\",\"target\":{\"@type\":\"EntryPoint\",\"urlTemplate\":\"https:\\\/\\\/europeawineracks.com\\\/?s={search_term_string}\"},\"query-input\":{\"@type\":\"PropertyValueSpecification\",\"valueRequired\":true,\"valueName\":\"search_term_string\"}}],\"inLanguage\":\"pt-PT\"},{\"@type\":\"Organization\",\"@id\":\"https:\\\/\\\/europeawineracks.com\\\/#organization\",\"name\":\"\u00c9tag\u00e8res et cave \u00e0 vin\",\"alternateName\":\"Europea Wine Racks\",\"url\":\"https:\\\/\\\/europeawineracks.com\\\/\",\"logo\":{\"@type\":\"ImageObject\",\"inLanguage\":\"pt-PT\",\"@id\":\"https:\\\/\\\/europeawineracks.com\\\/#\\\/schema\\\/logo\\\/image\\\/\",\"url\":\"https:\\\/\\\/europeawineracks.com\\\/wp-content\\\/uploads\\\/2025\\\/04\\\/Capture-decran-2025-04-02-a-23.12.51-1.png\",\"contentUrl\":\"https:\\\/\\\/europeawineracks.com\\\/wp-content\\\/uploads\\\/2025\\\/04\\\/Capture-decran-2025-04-02-a-23.12.51-1.png\",\"width\":283,\"height\":53,\"caption\":\"\u00c9tag\u00e8res et cave \u00e0 vin\"},\"image\":{\"@id\":\"https:\\\/\\\/europeawineracks.com\\\/#\\\/schema\\\/logo\\\/image\\\/\"},\"sameAs\":[\"https:\\\/\\\/www.facebook.com\\\/people\\\/Europea-Wine-Racks\\\/61570316947224\\\/\",\"https:\\\/\\\/fr.pinterest.com\\\/millesimewineracksfrance\\\/\",\"https:\\\/\\\/www.houzz.fr\\\/pro\\\/millesimewineracksfrance\\\/__public\",\"https:\\\/\\\/www.instagram.com\\\/europeawineracks\\\/\"],\"description\":\"l'expertise du mobilier cave \u00e0 vin sur mesure en France et en Europe Sp\u00e9cialiste de l\u2019am\u00e9nagement de cave \u00e0 vin, Europea Wine Racks con\u00e7oit et fabrique des solutions haut de gamme pour les professionnels et les particuliers. Gr\u00e2ce \u00e0 un savoir-faire reconnu et plus de 15 ans d\u2019exp\u00e9rience, l\u2019entreprise propose des \u00e9tag\u00e8res \u00e0 vin, casiers \u00e0 vin et mobilier cave \u00e0 vin enti\u00e8rement personnalisables. Que vous soyez restaurateur, caviste, h\u00f4telier ou amateur de grands crus, Europea Wine Racks cr\u00e9e des espaces de conservation et de pr\u00e9sentation sur mesure, alliant design contemporain, fonctionnalit\u00e9 et performance technique. Install\u00e9e en France, l\u2019entreprise intervient dans toutes les grandes villes comme Paris, Lyon, Marseille, Bordeaux, Lille, mais aussi \u00e0 l\u2019\u00e9chelle europ\u00e9enne : Gen\u00e8ve, Bruxelles, Milan, Madrid\u2026 Gr\u00e2ce \u00e0 des mat\u00e9riaux nobles, une modularit\u00e9 totale et un accompagnement sur-mesure, Europea Wine Racks transforme chaque projet de cave \u00e0 vin en un v\u00e9ritable \u00e9crin \u00e0 bouteilles.\",\"email\":\"info@europeawineracks.com\",\"telephone\":\"0489720869\",\"legalName\":\"\u00e9tag\u00e9res \u00e0 vin contemporaine\",\"vatID\":\"FR51921843975\",\"taxID\":\"92184397500019\",\"numberOfEmployees\":{\"@type\":\"QuantitativeValue\",\"minValue\":\"1\",\"maxValue\":\"10\"}},{\"@type\":\"Person\",\"@id\":\"https:\\\/\\\/europeawineracks.com\\\/#\\\/schema\\\/person\\\/52904b7e2361b7bc4875668a139c837d\",\"name\":\"admin\",\"sameAs\":[\"https:\\\/\\\/europeawineracks.com\"],\"url\":\"https:\\\/\\\/europeawineracks.com\\\/pt\\\/author\\\/admin-2\\\/\"}]}<\/script>\n<!-- \/ Yoast SEO Premium plugin. -->","yoast_head_json":{"title":"Qual a temperatura de uma cave de vinhos?","description":"Dotez-vous d'une cave \u00e0 vin murale ou d'\u00e9tag\u00e8res personnalis\u00e9es d'Europea Wine Racks pour un rangement \u00e9l\u00e9gant et pratique.","robots":{"index":"index","follow":"follow","max-snippet":"max-snippet:-1","max-image-preview":"max-image-preview:large","max-video-preview":"max-video-preview:-1"},"canonical":"https:\/\/europeawineracks.com\/pt\/quelle-temperature-pour-une-cave-a-vin\/","og_locale":"pt_PT","og_type":"article","og_title":"Quelle temp\u00e9rature pour une cave \u00e0 vin\u00a0?","og_description":"Mobilier cave \u00e0 vin sur mesure : Europea Wine Racks con\u00e7oit des \u00e9tag\u00e8res \u00e0 vin et casiers \u00e0 vin pour caves \u00e9l\u00e9gantes et fonctionnelles.","og_url":"https:\/\/europeawineracks.com\/pt\/quelle-temperature-pour-une-cave-a-vin\/","og_site_name":"\u00c9tag\u00e8res et cave \u00e0 vin","article_publisher":"https:\/\/www.facebook.com\/people\/Europea-Wine-Racks\/61570316947224\/","article_published_time":"2022-10-27T12:27:00+00:00","article_modified_time":"2025-10-14T09:03:35+00:00","og_image":[{"width":600,"height":400,"url":"https:\/\/europeawineracks.com\/wp-content\/uploads\/2022\/07\/millesime-wine-cellar-86.jpg","type":"image\/jpeg"}],"author":"admin","twitter_card":"summary_large_image","twitter_misc":{"Escrito por":"admin","Tempo estimado de leitura":"4 minutos"},"schema":{"@context":"https:\/\/schema.org","@graph":[{"@type":"Article","@id":"https:\/\/europeawineracks.com\/quelle-temperature-pour-une-cave-a-vin\/#article","isPartOf":{"@id":"https:\/\/europeawineracks.com\/quelle-temperature-pour-une-cave-a-vin\/"},"author":{"name":"admin","@id":"https:\/\/europeawineracks.com\/#\/schema\/person\/52904b7e2361b7bc4875668a139c837d"},"headline":"Quelle temp\u00e9rature pour une cave \u00e0 vin\u00a0?","datePublished":"2022-10-27T12:27:00+00:00","dateModified":"2025-10-14T09:03:35+00:00","mainEntityOfPage":{"@id":"https:\/\/europeawineracks.com\/quelle-temperature-pour-une-cave-a-vin\/"},"wordCount":669,"publisher":{"@id":"https:\/\/europeawineracks.com\/#organization"},"image":{"@id":"https:\/\/europeawineracks.com\/quelle-temperature-pour-une-cave-a-vin\/#primaryimage"},"thumbnailUrl":"https:\/\/europeawineracks.com\/wp-content\/uploads\/2022\/07\/etageres-a-vin.jpg","articleSection":["Non classifi\u00e9(e)"],"inLanguage":"pt-PT"},{"@type":"WebPage","@id":"https:\/\/europeawineracks.com\/quelle-temperature-pour-une-cave-a-vin\/","url":"https:\/\/europeawineracks.com\/quelle-temperature-pour-une-cave-a-vin\/","name":"Qual a temperatura de uma cave de vinhos?","isPartOf":{"@id":"https:\/\/europeawineracks.com\/#website"},"primaryImageOfPage":{"@id":"https:\/\/europeawineracks.com\/quelle-temperature-pour-une-cave-a-vin\/#primaryimage"},"image":{"@id":"https:\/\/europeawineracks.com\/quelle-temperature-pour-une-cave-a-vin\/#primaryimage"},"thumbnailUrl":"https:\/\/europeawineracks.com\/wp-content\/uploads\/2022\/07\/etageres-a-vin.jpg","datePublished":"2022-10-27T12:27:00+00:00","dateModified":"2025-10-14T09:03:35+00:00","description":"Dotez-vous d'une cave \u00e0 vin murale ou d'\u00e9tag\u00e8res personnalis\u00e9es d'Europea Wine Racks pour un rangement \u00e9l\u00e9gant et pratique.","breadcrumb":{"@id":"https:\/\/europeawineracks.com\/quelle-temperature-pour-une-cave-a-vin\/#breadcrumb"},"inLanguage":"pt-PT","potentialAction":[{"@type":"ReadAction","target":["https:\/\/europeawineracks.com\/quelle-temperature-pour-une-cave-a-vin\/"]}]},{"@type":"ImageObject","inLanguage":"pt-PT","@id":"https:\/\/europeawineracks.com\/quelle-temperature-pour-une-cave-a-vin\/#primaryimage","url":"https:\/\/europeawineracks.com\/wp-content\/uploads\/2022\/07\/etageres-a-vin.jpg","contentUrl":"https:\/\/europeawineracks.com\/wp-content\/uploads\/2022\/07\/etageres-a-vin.jpg","width":600,"height":400},{"@type":"BreadcrumbList","@id":"https:\/\/europeawineracks.com\/quelle-temperature-pour-une-cave-a-vin\/#breadcrumb","itemListElement":[{"@type":"ListItem","position":1,"name":"Accueil","item":"https:\/\/europeawineracks.com\/"},{"@type":"ListItem","position":2,"name":"Quelle temp\u00e9rature pour une cave \u00e0 vin\u00a0?"}]},{"@type":"WebSite","@id":"https:\/\/europeawineracks.com\/#website","url":"https:\/\/europeawineracks.com\/","name":"Estantes para vinhos Europea","description":"Os seus netos esmagam de todos os \u00e2ngulos","publisher":{"@id":"https:\/\/europeawineracks.com\/#organization"},"potentialAction":[{"@type":"SearchAction","target":{"@type":"EntryPoint","urlTemplate":"https:\/\/europeawineracks.com\/?s={search_term_string}"},"query-input":{"@type":"PropertyValueSpecification","valueRequired":true,"valueName":"search_term_string"}}],"inLanguage":"pt-PT"},{"@type":"Organization","@id":"https:\/\/europeawineracks.com\/#organization","name":"Prateleiras e garrafeira","alternateName":"Europea Wine Racks","url":"https:\/\/europeawineracks.com\/","logo":{"@type":"ImageObject","inLanguage":"pt-PT","@id":"https:\/\/europeawineracks.com\/#\/schema\/logo\/image\/","url":"https:\/\/europeawineracks.com\/wp-content\/uploads\/2025\/04\/Capture-decran-2025-04-02-a-23.12.51-1.png","contentUrl":"https:\/\/europeawineracks.com\/wp-content\/uploads\/2025\/04\/Capture-decran-2025-04-02-a-23.12.51-1.png","width":283,"height":53,"caption":"\u00c9tag\u00e8res et cave \u00e0 vin"},"image":{"@id":"https:\/\/europeawineracks.com\/#\/schema\/logo\/image\/"},"sameAs":["https:\/\/www.facebook.com\/people\/Europea-Wine-Racks\/61570316947224\/","https:\/\/fr.pinterest.com\/millesimewineracksfrance\/","https:\/\/www.houzz.fr\/pro\/millesimewineracksfrance\/__public","https:\/\/www.instagram.com\/europeawineracks\/"],"description":"Especialista em equipamentos para adegas, a Europea Wine Racks concebe e fabrica solu\u00e7\u00f5es topo de gama para profissionais e particulares. Com um saber-fazer reconhecido e mais de 15 anos de experi\u00eancia, a empresa prop\u00f5e estantes para vinhos, arm\u00e1rios para vinhos e mobili\u00e1rio para adegas totalmente personaliz\u00e1veis. Quer seja propriet\u00e1rio de um restaurante, um comerciante de vinhos, um hoteleiro ou um conhecedor de vinhos finos, a Europea Wine Racks cria \u00e1reas de armazenamento e exposi\u00e7\u00e3o por medida que combinam design contempor\u00e2neo, funcionalidade e desempenho t\u00e9cnico. Sediada em Fran\u00e7a, a empresa est\u00e1 presente em todas as grandes cidades, como Paris, Lyon, Marselha, Bord\u00e9us e Lille, bem como em toda a Europa: Genebra, Bruxelas, Mil\u00e3o, Madrid, etc. Gra\u00e7as \u00e0 utiliza\u00e7\u00e3o de materiais de alta qualidade, \u00e0 modularidade total e ao apoio por medida, Europea Wine Racks transforma cada projeto de garrafeira numa verdadeira montra de garrafas.","email":"info@europeawineracks.com","telephone":"0489720869","legalName":"\u00e9tag\u00e9res \u00e0 vin contemporaine","vatID":"FR51921843975","taxID":"92184397500019","numberOfEmployees":{"@type":"QuantitativeValue","minValue":"1","maxValue":"10"}},{"@type":"Person","@id":"https:\/\/europeawineracks.com\/#\/schema\/person\/52904b7e2361b7bc4875668a139c837d","name":"administrador","sameAs":["https:\/\/europeawineracks.com"],"url":"https:\/\/europeawineracks.com\/pt\/author\/admin-2\/"}]}},"_links":{"self":[{"href":"https:\/\/europeawineracks.com\/pt\/wp-json\/wp\/v2\/posts\/1756","targetHints":{"allow":["GET"]}}],"collection":[{"href":"https:\/\/europeawineracks.com\/pt\/wp-json\/wp\/v2\/posts"}],"about":[{"href":"https:\/\/europeawineracks.com\/pt\/wp-json\/wp\/v2\/types\/post"}],"author":[{"embeddable":true,"href":"https:\/\/europeawineracks.com\/pt\/wp-json\/wp\/v2\/users\/2"}],"replies":[{"embeddable":true,"href":"https:\/\/europeawineracks.com\/pt\/wp-json\/wp\/v2\/comments?post=1756"}],"version-history":[{"count":1,"href":"https:\/\/europeawineracks.com\/pt\/wp-json\/wp\/v2\/posts\/1756\/revisions"}],"predecessor-version":[{"id":4605,"href":"https:\/\/europeawineracks.com\/pt\/wp-json\/wp\/v2\/posts\/1756\/revisions\/4605"}],"wp:featuredmedia":[{"embeddable":true,"href":"https:\/\/europeawineracks.com\/pt\/wp-json\/wp\/v2\/media\/665"}],"wp:attachment":[{"href":"https:\/\/europeawineracks.com\/pt\/wp-json\/wp\/v2\/media?parent=1756"}],"wp:term":[{"taxonomy":"category","embeddable":true,"href":"https:\/\/europeawineracks.com\/pt\/wp-json\/wp\/v2\/categories?post=1756"},{"taxonomy":"post_tag","embeddable":true,"href":"https:\/\/europeawineracks.com\/pt\/wp-json\/wp\/v2\/tags?post=1756"}],"curies":[{"name":"wp","href":"https:\/\/api.w.org\/{rel}","templated":true}]}}