{"id":1997,"date":"2022-12-12T09:41:05","date_gmt":"2022-12-12T08:41:05","guid":{"rendered":"https:\/\/europeawineracks.com\/?p=1997"},"modified":"2025-10-14T11:03:08","modified_gmt":"2025-10-14T09:03:08","slug":"que-cave-de-vinhos-escolher","status":"publish","type":"post","link":"https:\/\/europeawineracks.com\/pt\/que-cave-de-vinhos-escolher\/","title":{"rendered":"Que garrafeira escolher?"},"content":{"rendered":"<div data-elementor-type=\"wp-post\" data-elementor-id=\"1997\" class=\"elementor elementor-1997\" data-elementor-post-type=\"post\">\n\t\t\t\t\t\t<section class=\"elementor-section elementor-top-section elementor-element elementor-element-9b239b0 elementor-section-boxed elementor-section-height-default elementor-section-height-default\" data-id=\"9b239b0\" data-element_type=\"section\" data-e-type=\"section\">\n\t\t\t\t\t\t<div class=\"elementor-container elementor-column-gap-default\">\n\t\t\t\t\t<div class=\"elementor-column elementor-col-100 elementor-top-column elementor-element elementor-element-13b28f8\" data-id=\"13b28f8\" data-element_type=\"column\" data-e-type=\"column\">\n\t\t\t<div class=\"elementor-widget-wrap elementor-element-populated\">\n\t\t\t\t\t\t<div class=\"elementor-element elementor-element-51c10a3 elementor-widget elementor-widget-heading\" data-id=\"51c10a3\" data-element_type=\"widget\" data-e-type=\"widget\" data-widget_type=\"heading.default\">\n\t\t\t\t\t<h1 class=\"elementor-heading-title elementor-size-default\">Que garrafeira escolher?<\/h1>\t\t\t\t<\/div>\n\t\t\t\t\t<\/div>\n\t\t<\/div>\n\t\t\t\t\t<\/div>\n\t\t<\/section>\n\t\t\t\t<section class=\"elementor-section elementor-top-section elementor-element elementor-element-5d1a3c0 elementor-section-boxed elementor-section-height-default elementor-section-height-default\" data-id=\"5d1a3c0\" data-element_type=\"section\" data-e-type=\"section\">\n\t\t\t\t\t\t<div class=\"elementor-container elementor-column-gap-default\">\n\t\t\t\t\t<div class=\"elementor-column elementor-col-100 elementor-top-column elementor-element elementor-element-b8a1929\" data-id=\"b8a1929\" data-element_type=\"column\" data-e-type=\"column\">\n\t\t\t<div class=\"elementor-widget-wrap elementor-element-populated\">\n\t\t\t\t\t\t<div class=\"elementor-element elementor-element-e36e414 elementor-widget elementor-widget-image\" data-id=\"e36e414\" data-element_type=\"widget\" data-e-type=\"widget\" data-widget_type=\"image.default\">\n\t\t\t\t\t\t\t\t\t\t\t\t\t\t\t<img fetchpriority=\"high\" decoding=\"async\" width=\"600\" height=\"400\" src=\"https:\/\/europeawineracks.com\/wp-content\/uploads\/2022\/07\/millesime_1diff.jpg\" class=\"attachment-large size-large wp-image-666\" alt=\"Que garrafeira escolher?\" srcset=\"https:\/\/europeawineracks.com\/wp-content\/uploads\/2022\/07\/millesime_1diff.jpg 600w, https:\/\/europeawineracks.com\/wp-content\/uploads\/2022\/07\/millesime_1diff-300x200.jpg 300w\" sizes=\"(max-width: 600px) 100vw, 600px\" \/>\t\t\t\t\t\t\t\t\t\t\t\t\t\t\t<\/div>\n\t\t\t\t<div class=\"elementor-element elementor-element-419b143 elementor-widget elementor-widget-text-editor\" data-id=\"419b143\" data-element_type=\"widget\" data-e-type=\"widget\" data-widget_type=\"text-editor.default\">\n\t\t\t\t\t\t\t\t\t<p>Quer seja um particular <strong>apreciador de bom vinho <\/strong>ou profissional, restaurador, en\u00f3logo ou dono de um wine bar, por vezes \u00e9 dif\u00edcil ter uma <strong>gruta<\/strong> que responde a todos os crit\u00e9rios de <strong>conserva\u00e7\u00e3o<\/strong> e\/ou de <strong>apresenta\u00e7\u00e3o<\/strong> umas garrafas.<\/p>\n<p>&nbsp;<\/p>\n<p>Al\u00e9m disso, embora o\u2019<a href=\"https:\/\/europeawineracks.com\/pt\/armoire-a-vin-2\/\">armoire \u00e0 vin el\u00e9ctrica<\/a> t\u00e3o tentador que concilia o espa\u00e7o de <strong>conserva\u00e7\u00e3o do vinho<\/strong>, zona de <strong>armazenamento<\/strong> e <strong>envelhecimento<\/strong> \u00f3ptimo do vinho, estes equipamentos apresentam limita\u00e7\u00f5es tanto na sua est\u00e9tica como nas funcionalidades que prop\u00f5em.<\/p>\n<p>Uma outra solu\u00e7\u00e3o consiste em conceber uma <strong>adega de vinhos \u00e0 medida <\/strong>que se integra harmoniosamente no interior da sua habita\u00e7\u00e3o ou nos seus espa\u00e7os comerciais e valoriza os seus frascos.<\/p>\n<p>&nbsp;<\/p>\n<h2 style=\"font-size: 18px; color: #303035;\">Porqu\u00ea a cave para vinhos feita \u00e0 medida \u00e9 a melhor alternativa para armazenar, exibir e servir os seus vinhos?<\/h2>\n<p>&nbsp;<\/p>\n<p>No \u00e2mbito do <strong>adegas<\/strong> el\u00e9tricos, \u00e9 muitas vezes muito complicado encontrar modelos que correspondam \u00e0s suas verdadeiras necessidades. Ou a capacidade de <strong>armazenamento<\/strong> ou a sua pot\u00eancia \u00e9 demasiado fraca, quer o consumo el\u00e9trico \u00e9 demasiado importante, as dimens\u00f5es n\u00e3o autorizam a sua instala\u00e7\u00e3o nas vossas instala\u00e7\u00f5es ou no vosso interior. Sem contar com a est\u00e9tica que raramente est\u00e1 presente.<\/p>\n<p>&nbsp;<\/p>\n<p>Quer se trate de real\u00e7ar os seus <strong>garrafas<\/strong> no seu interior ou permitir que os seus clientes escolham entre o seu <strong>sele\u00e7\u00e3o de grandes crus<\/strong>, vinhos tintos, vinhos brancos, vinhos licorosos ou champanhes, o<strong> adega de vinhos \u00e0 medida <\/strong>imp\u00f5e-se como a melhor alternativa.<\/p>\n<p>La<strong> <a href=\"https:\/\/europeawineracks.com\/pt\/configuration\/\">conce\u00e7\u00e3o de uma adega \u00e0 medida<\/a><\/strong> abre um vasto leque de possibilidades ao adaptar-se ao seu ambiente, \u00e0 decora\u00e7\u00e3o dos seus espa\u00e7os interiores e\/ou exteriores, \u00e0s suas restri\u00e7\u00f5es t\u00e9cnicas, mas tamb\u00e9m \u00e0 utiliza\u00e7\u00e3o que faz da sua zona de armazenamento, de apresenta\u00e7\u00e3o, de <strong>conserva\u00e7\u00e3o e servi\u00e7o do vinho<\/strong>.<\/p>\n<p>&nbsp;<\/p>\n<h2 style=\"font-size: 18px; color: #303035;\">Como personalizar a sua cave a vinhos?<\/h2>\n<p>&nbsp;<\/p>\n<p>Al\u00e9m da disposi\u00e7\u00e3o das <strong>garrafas em prateleiras <\/strong>que podem ser configuradas e moduladas de diversas maneiras para maximizar o volume de <strong>armazenamento<\/strong>, facilitar a manipula\u00e7\u00e3o das garrafas ou tornar-se um<strong> espa\u00e7o de exposi\u00e7\u00e3o<\/strong>, s\u00e3o as in\u00fameras solu\u00e7\u00f5es de personaliza\u00e7\u00e3o que fazem toda a diferen\u00e7a entre um<strong> roupeiro de vinho <\/strong>tradicional e uma <strong>adega \u00e0 medida<\/strong>.<\/p>\n<p>&nbsp;<\/p>\n<p>Para um design moderno, uma grande flexibilidade de utiliza\u00e7\u00e3o e um elevado n\u00edvel de conforto no servi\u00e7o ou na degusta\u00e7\u00e3o dos seus vinhos, tem a possibilidade de adicionar ao seu <strong>adega<\/strong> solu\u00e7\u00f5es para balc\u00f5es, m\u00f3dulos, caixas de apresenta\u00e7\u00e3o, nichos ou suportes para copos, toda uma gama de equipamentos e acess\u00f3rios que revolucionam as suas utiliza\u00e7\u00f5es no dia a dia.<\/p>\n<p>&nbsp;<\/p>\n<p>O mesmo se aplica \u00e0 adapta\u00e7\u00e3o personalizada da sua cave ao respetivo ambiente com p\u00e9s telesc\u00f3picos que permitem um ajuste perfeito, fixa\u00e7\u00e3o das prateleiras ao teto ou \u00e0s divis\u00f3rias, diferentes profundidades ou ainda sec\u00e7\u00f5es de arruma\u00e7\u00e3o diversas\u2026<\/p>\n<p>&nbsp;<\/p>\n<p>Escolha dos materiais, dos acabamentos em madeira e metal, diversidade das prateleiras de arruma\u00e7\u00e3o, espa\u00e7o dispon\u00edvel para a sua passagem ou a dos seus colaboradores e\/ou clientes, adaptabilidade dos suportes \u00e0 sua utiliza\u00e7\u00e3o\u2026 <strong>Optar pela cave de vinhos \u00e0 medida<\/strong> satisfazendo a cada uma das suas exig\u00eancias, bem como aos seus desejos de est\u00e9tica e de discri\u00e7\u00e3o para o seu interior, sem esquecer que se trata de dar vida a um ref\u00fagio \u00e0 altura da sua paix\u00e3o pelo vinho.<\/p>\n<p>&nbsp;<\/p>\n<p>Uma <strong>adega <\/strong>em vez de um arm\u00e1rio de vinhos \u00e9 a melhor escolha que pode fazer se quiser manter a flexibilidade na gest\u00e3o da sua cole\u00e7\u00e3o e manter um maior conforto de utiliza\u00e7\u00e3o.<\/p>\n<p>&nbsp;<\/p>\t\t\t\t\t\t\t\t<\/div>\n\t\t\t\t\t<\/div>\n\t\t<\/div>\n\t\t\t\t\t<\/div>\n\t\t<\/section>\n\t\t\t\t<\/div>","protected":false},"excerpt":{"rendered":"<p>Que garrafeira escolher? Quer se trate de um apreciador de vinho individual ou de um profissional, propriet\u00e1rio de um restaurante, comerciante de vinhos ou propriet\u00e1rio de um bar de vinhos, \u00e9 por vezes dif\u00edcil encontrar uma garrafeira que satisfa\u00e7a todos os crit\u00e9rios de armazenamento e\/ou apresenta\u00e7\u00e3o das garrafas.   Assim, embora o arm\u00e1rio de vinhos el\u00e9trico seja bastante [...]<\/p>","protected":false},"author":2,"featured_media":666,"comment_status":"closed","ping_status":"closed","sticky":false,"template":"","format":"standard","meta":{"content-type":"","iawp_total_views":143,"footnotes":""},"categories":[1],"tags":[],"class_list":["post-1997","post","type-post","status-publish","format-standard","has-post-thumbnail","hentry","category-non-classifiee"],"yoast_head":"<!-- This site is optimized with the Yoast SEO Premium plugin v27.1 (Yoast SEO v28.3) - https:\/\/yoast.com\/product\/yoast-seo-premium-wordpress\/ -->\n<title>Quelle cave \u00e0 vin choisir ?<\/title>\n<meta name=\"description\" content=\"Une cave \u00e0 vin sur mesure d&#039;Europea Wine Racks, c&#039;est l&#039;alliance parfaite entre esth\u00e9tique, fonctionnalit\u00e9 et personnalisation.\" \/>\n<meta name=\"robots\" content=\"index, follow, max-snippet:-1, max-image-preview:large, max-video-preview:-1\" \/>\n<link rel=\"canonical\" href=\"https:\/\/europeawineracks.com\/pt\/que-cave-de-vinhos-escolher\/\" \/>\n<meta property=\"og:locale\" content=\"pt_PT\" \/>\n<meta property=\"og:type\" content=\"article\" \/>\n<meta property=\"og:title\" content=\"Quelle cave \u00e0 vin choisir ?\" \/>\n<meta property=\"og:description\" content=\"Mobilier cave \u00e0 vin sur mesure : Europea Wine Racks con\u00e7oit des \u00e9tag\u00e8res \u00e0 vin et casiers \u00e0 vin pour caves \u00e9l\u00e9gantes et fonctionnelles.\" \/>\n<meta property=\"og:url\" content=\"https:\/\/europeawineracks.com\/pt\/que-cave-de-vinhos-escolher\/\" \/>\n<meta property=\"og:site_name\" content=\"\u00c9tag\u00e8res et cave \u00e0 vin\" \/>\n<meta property=\"article:publisher\" content=\"https:\/\/www.facebook.com\/people\/Europea-Wine-Racks\/61570316947224\/\" \/>\n<meta property=\"article:published_time\" content=\"2022-12-12T08:41:05+00:00\" \/>\n<meta property=\"article:modified_time\" content=\"2025-10-14T09:03:08+00:00\" \/>\n<meta property=\"og:image\" content=\"https:\/\/europeawineracks.com\/wp-content\/uploads\/2022\/07\/millesime_1diff.jpg\" \/>\n\t<meta property=\"og:image:width\" content=\"600\" \/>\n\t<meta property=\"og:image:height\" content=\"400\" \/>\n\t<meta property=\"og:image:type\" content=\"image\/jpeg\" \/>\n<meta name=\"author\" content=\"admin\" \/>\n<meta name=\"twitter:card\" content=\"summary_large_image\" \/>\n<meta name=\"twitter:label1\" content=\"Escrito por\" \/>\n\t<meta name=\"twitter:data1\" content=\"admin\" \/>\n\t<meta name=\"twitter:label2\" content=\"Tempo estimado de leitura\" \/>\n\t<meta name=\"twitter:data2\" content=\"4 minutos\" \/>\n<script type=\"application\/ld+json\" class=\"yoast-schema-graph\">{\"@context\":\"https:\\\/\\\/schema.org\",\"@graph\":[{\"@type\":\"Article\",\"@id\":\"https:\\\/\\\/europeawineracks.com\\\/quelle-cave-a-vin-choisir\\\/#article\",\"isPartOf\":{\"@id\":\"https:\\\/\\\/europeawineracks.com\\\/quelle-cave-a-vin-choisir\\\/\"},\"author\":{\"name\":\"admin\",\"@id\":\"https:\\\/\\\/europeawineracks.com\\\/#\\\/schema\\\/person\\\/52904b7e2361b7bc4875668a139c837d\"},\"headline\":\"Quelle cave \u00e0 vin choisir ?\",\"datePublished\":\"2022-12-12T08:41:05+00:00\",\"dateModified\":\"2025-10-14T09:03:08+00:00\",\"mainEntityOfPage\":{\"@id\":\"https:\\\/\\\/europeawineracks.com\\\/quelle-cave-a-vin-choisir\\\/\"},\"wordCount\":639,\"publisher\":{\"@id\":\"https:\\\/\\\/europeawineracks.com\\\/#organization\"},\"image\":{\"@id\":\"https:\\\/\\\/europeawineracks.com\\\/quelle-cave-a-vin-choisir\\\/#primaryimage\"},\"thumbnailUrl\":\"https:\\\/\\\/europeawineracks.com\\\/wp-content\\\/uploads\\\/2022\\\/07\\\/millesime_1diff.jpg\",\"articleSection\":[\"Non classifi\u00e9(e)\"],\"inLanguage\":\"pt-PT\"},{\"@type\":\"WebPage\",\"@id\":\"https:\\\/\\\/europeawineracks.com\\\/quelle-cave-a-vin-choisir\\\/\",\"url\":\"https:\\\/\\\/europeawineracks.com\\\/quelle-cave-a-vin-choisir\\\/\",\"name\":\"Quelle cave \u00e0 vin choisir ?\",\"isPartOf\":{\"@id\":\"https:\\\/\\\/europeawineracks.com\\\/#website\"},\"primaryImageOfPage\":{\"@id\":\"https:\\\/\\\/europeawineracks.com\\\/quelle-cave-a-vin-choisir\\\/#primaryimage\"},\"image\":{\"@id\":\"https:\\\/\\\/europeawineracks.com\\\/quelle-cave-a-vin-choisir\\\/#primaryimage\"},\"thumbnailUrl\":\"https:\\\/\\\/europeawineracks.com\\\/wp-content\\\/uploads\\\/2022\\\/07\\\/millesime_1diff.jpg\",\"datePublished\":\"2022-12-12T08:41:05+00:00\",\"dateModified\":\"2025-10-14T09:03:08+00:00\",\"description\":\"Une cave \u00e0 vin sur mesure d'Europea Wine Racks, c'est l'alliance parfaite entre esth\u00e9tique, fonctionnalit\u00e9 et personnalisation.\",\"breadcrumb\":{\"@id\":\"https:\\\/\\\/europeawineracks.com\\\/quelle-cave-a-vin-choisir\\\/#breadcrumb\"},\"inLanguage\":\"pt-PT\",\"potentialAction\":[{\"@type\":\"ReadAction\",\"target\":[\"https:\\\/\\\/europeawineracks.com\\\/quelle-cave-a-vin-choisir\\\/\"]}]},{\"@type\":\"ImageObject\",\"inLanguage\":\"pt-PT\",\"@id\":\"https:\\\/\\\/europeawineracks.com\\\/quelle-cave-a-vin-choisir\\\/#primaryimage\",\"url\":\"https:\\\/\\\/europeawineracks.com\\\/wp-content\\\/uploads\\\/2022\\\/07\\\/millesime_1diff.jpg\",\"contentUrl\":\"https:\\\/\\\/europeawineracks.com\\\/wp-content\\\/uploads\\\/2022\\\/07\\\/millesime_1diff.jpg\",\"width\":600,\"height\":400,\"caption\":\"Quelle cave \u00e0 vin choisir ?\"},{\"@type\":\"BreadcrumbList\",\"@id\":\"https:\\\/\\\/europeawineracks.com\\\/quelle-cave-a-vin-choisir\\\/#breadcrumb\",\"itemListElement\":[{\"@type\":\"ListItem\",\"position\":1,\"name\":\"Accueil\",\"item\":\"https:\\\/\\\/europeawineracks.com\\\/\"},{\"@type\":\"ListItem\",\"position\":2,\"name\":\"Quelle cave \u00e0 vin choisir ?\"}]},{\"@type\":\"WebSite\",\"@id\":\"https:\\\/\\\/europeawineracks.com\\\/#website\",\"url\":\"https:\\\/\\\/europeawineracks.com\\\/\",\"name\":\"Europea Wine Racks\",\"description\":\"Vos grands crus sous tous les angles\",\"publisher\":{\"@id\":\"https:\\\/\\\/europeawineracks.com\\\/#organization\"},\"potentialAction\":[{\"@type\":\"SearchAction\",\"target\":{\"@type\":\"EntryPoint\",\"urlTemplate\":\"https:\\\/\\\/europeawineracks.com\\\/?s={search_term_string}\"},\"query-input\":{\"@type\":\"PropertyValueSpecification\",\"valueRequired\":true,\"valueName\":\"search_term_string\"}}],\"inLanguage\":\"pt-PT\"},{\"@type\":\"Organization\",\"@id\":\"https:\\\/\\\/europeawineracks.com\\\/#organization\",\"name\":\"\u00c9tag\u00e8res et cave \u00e0 vin\",\"alternateName\":\"Europea Wine Racks\",\"url\":\"https:\\\/\\\/europeawineracks.com\\\/\",\"logo\":{\"@type\":\"ImageObject\",\"inLanguage\":\"pt-PT\",\"@id\":\"https:\\\/\\\/europeawineracks.com\\\/#\\\/schema\\\/logo\\\/image\\\/\",\"url\":\"https:\\\/\\\/europeawineracks.com\\\/wp-content\\\/uploads\\\/2025\\\/04\\\/Capture-decran-2025-04-02-a-23.12.51-1.png\",\"contentUrl\":\"https:\\\/\\\/europeawineracks.com\\\/wp-content\\\/uploads\\\/2025\\\/04\\\/Capture-decran-2025-04-02-a-23.12.51-1.png\",\"width\":283,\"height\":53,\"caption\":\"\u00c9tag\u00e8res et cave \u00e0 vin\"},\"image\":{\"@id\":\"https:\\\/\\\/europeawineracks.com\\\/#\\\/schema\\\/logo\\\/image\\\/\"},\"sameAs\":[\"https:\\\/\\\/www.facebook.com\\\/people\\\/Europea-Wine-Racks\\\/61570316947224\\\/\",\"https:\\\/\\\/fr.pinterest.com\\\/millesimewineracksfrance\\\/\",\"https:\\\/\\\/www.houzz.fr\\\/pro\\\/millesimewineracksfrance\\\/__public\",\"https:\\\/\\\/www.instagram.com\\\/europeawineracks\\\/\"],\"description\":\"l'expertise du mobilier cave \u00e0 vin sur mesure en France et en Europe Sp\u00e9cialiste de l\u2019am\u00e9nagement de cave \u00e0 vin, Europea Wine Racks con\u00e7oit et fabrique des solutions haut de gamme pour les professionnels et les particuliers. Gr\u00e2ce \u00e0 un savoir-faire reconnu et plus de 15 ans d\u2019exp\u00e9rience, l\u2019entreprise propose des \u00e9tag\u00e8res \u00e0 vin, casiers \u00e0 vin et mobilier cave \u00e0 vin enti\u00e8rement personnalisables. Que vous soyez restaurateur, caviste, h\u00f4telier ou amateur de grands crus, Europea Wine Racks cr\u00e9e des espaces de conservation et de pr\u00e9sentation sur mesure, alliant design contemporain, fonctionnalit\u00e9 et performance technique. Install\u00e9e en France, l\u2019entreprise intervient dans toutes les grandes villes comme Paris, Lyon, Marseille, Bordeaux, Lille, mais aussi \u00e0 l\u2019\u00e9chelle europ\u00e9enne : Gen\u00e8ve, Bruxelles, Milan, Madrid\u2026 Gr\u00e2ce \u00e0 des mat\u00e9riaux nobles, une modularit\u00e9 totale et un accompagnement sur-mesure, Europea Wine Racks transforme chaque projet de cave \u00e0 vin en un v\u00e9ritable \u00e9crin \u00e0 bouteilles.\",\"email\":\"info@europeawineracks.com\",\"telephone\":\"0489720869\",\"legalName\":\"\u00e9tag\u00e9res \u00e0 vin contemporaine\",\"vatID\":\"FR51921843975\",\"taxID\":\"92184397500019\",\"numberOfEmployees\":{\"@type\":\"QuantitativeValue\",\"minValue\":\"1\",\"maxValue\":\"10\"}},{\"@type\":\"Person\",\"@id\":\"https:\\\/\\\/europeawineracks.com\\\/#\\\/schema\\\/person\\\/52904b7e2361b7bc4875668a139c837d\",\"name\":\"admin\",\"sameAs\":[\"https:\\\/\\\/europeawineracks.com\"],\"url\":\"https:\\\/\\\/europeawineracks.com\\\/pt\\\/author\\\/admin-2\\\/\"}]}<\/script>\n<!-- \/ Yoast SEO Premium plugin. -->","yoast_head_json":{"title":"Que garrafeira escolher?","description":"Uma adega personalizada da Europea Wine Racks \u00e9 a alian\u00e7a perfeita entre est\u00e9tica, funcionalidade e personaliza\u00e7\u00e3o.","robots":{"index":"index","follow":"follow","max-snippet":"max-snippet:-1","max-image-preview":"max-image-preview:large","max-video-preview":"max-video-preview:-1"},"canonical":"https:\/\/europeawineracks.com\/pt\/que-cave-de-vinhos-escolher\/","og_locale":"pt_PT","og_type":"article","og_title":"Quelle cave \u00e0 vin choisir ?","og_description":"Mobilier cave \u00e0 vin sur mesure : Europea Wine Racks con\u00e7oit des \u00e9tag\u00e8res \u00e0 vin et casiers \u00e0 vin pour caves \u00e9l\u00e9gantes et fonctionnelles.","og_url":"https:\/\/europeawineracks.com\/pt\/que-cave-de-vinhos-escolher\/","og_site_name":"\u00c9tag\u00e8res et cave \u00e0 vin","article_publisher":"https:\/\/www.facebook.com\/people\/Europea-Wine-Racks\/61570316947224\/","article_published_time":"2022-12-12T08:41:05+00:00","article_modified_time":"2025-10-14T09:03:08+00:00","og_image":[{"width":600,"height":400,"url":"https:\/\/europeawineracks.com\/wp-content\/uploads\/2022\/07\/millesime_1diff.jpg","type":"image\/jpeg"}],"author":"admin","twitter_card":"summary_large_image","twitter_misc":{"Escrito por":"admin","Tempo estimado de leitura":"4 minutos"},"schema":{"@context":"https:\/\/schema.org","@graph":[{"@type":"Article","@id":"https:\/\/europeawineracks.com\/quelle-cave-a-vin-choisir\/#article","isPartOf":{"@id":"https:\/\/europeawineracks.com\/quelle-cave-a-vin-choisir\/"},"author":{"name":"admin","@id":"https:\/\/europeawineracks.com\/#\/schema\/person\/52904b7e2361b7bc4875668a139c837d"},"headline":"Quelle cave \u00e0 vin choisir ?","datePublished":"2022-12-12T08:41:05+00:00","dateModified":"2025-10-14T09:03:08+00:00","mainEntityOfPage":{"@id":"https:\/\/europeawineracks.com\/quelle-cave-a-vin-choisir\/"},"wordCount":639,"publisher":{"@id":"https:\/\/europeawineracks.com\/#organization"},"image":{"@id":"https:\/\/europeawineracks.com\/quelle-cave-a-vin-choisir\/#primaryimage"},"thumbnailUrl":"https:\/\/europeawineracks.com\/wp-content\/uploads\/2022\/07\/millesime_1diff.jpg","articleSection":["Non classifi\u00e9(e)"],"inLanguage":"pt-PT"},{"@type":"WebPage","@id":"https:\/\/europeawineracks.com\/quelle-cave-a-vin-choisir\/","url":"https:\/\/europeawineracks.com\/quelle-cave-a-vin-choisir\/","name":"Que garrafeira escolher?","isPartOf":{"@id":"https:\/\/europeawineracks.com\/#website"},"primaryImageOfPage":{"@id":"https:\/\/europeawineracks.com\/quelle-cave-a-vin-choisir\/#primaryimage"},"image":{"@id":"https:\/\/europeawineracks.com\/quelle-cave-a-vin-choisir\/#primaryimage"},"thumbnailUrl":"https:\/\/europeawineracks.com\/wp-content\/uploads\/2022\/07\/millesime_1diff.jpg","datePublished":"2022-12-12T08:41:05+00:00","dateModified":"2025-10-14T09:03:08+00:00","description":"Uma adega personalizada da Europea Wine Racks \u00e9 a alian\u00e7a perfeita entre est\u00e9tica, funcionalidade e personaliza\u00e7\u00e3o.","breadcrumb":{"@id":"https:\/\/europeawineracks.com\/quelle-cave-a-vin-choisir\/#breadcrumb"},"inLanguage":"pt-PT","potentialAction":[{"@type":"ReadAction","target":["https:\/\/europeawineracks.com\/quelle-cave-a-vin-choisir\/"]}]},{"@type":"ImageObject","inLanguage":"pt-PT","@id":"https:\/\/europeawineracks.com\/quelle-cave-a-vin-choisir\/#primaryimage","url":"https:\/\/europeawineracks.com\/wp-content\/uploads\/2022\/07\/millesime_1diff.jpg","contentUrl":"https:\/\/europeawineracks.com\/wp-content\/uploads\/2022\/07\/millesime_1diff.jpg","width":600,"height":400,"caption":"Quelle cave \u00e0 vin choisir ?"},{"@type":"BreadcrumbList","@id":"https:\/\/europeawineracks.com\/quelle-cave-a-vin-choisir\/#breadcrumb","itemListElement":[{"@type":"ListItem","position":1,"name":"Accueil","item":"https:\/\/europeawineracks.com\/"},{"@type":"ListItem","position":2,"name":"Quelle cave \u00e0 vin choisir ?"}]},{"@type":"WebSite","@id":"https:\/\/europeawineracks.com\/#website","url":"https:\/\/europeawineracks.com\/","name":"Estantes para vinhos Europea","description":"Os seus netos esmagam de todos os \u00e2ngulos","publisher":{"@id":"https:\/\/europeawineracks.com\/#organization"},"potentialAction":[{"@type":"SearchAction","target":{"@type":"EntryPoint","urlTemplate":"https:\/\/europeawineracks.com\/?s={search_term_string}"},"query-input":{"@type":"PropertyValueSpecification","valueRequired":true,"valueName":"search_term_string"}}],"inLanguage":"pt-PT"},{"@type":"Organization","@id":"https:\/\/europeawineracks.com\/#organization","name":"Prateleiras e garrafeira","alternateName":"Europea Wine Racks","url":"https:\/\/europeawineracks.com\/","logo":{"@type":"ImageObject","inLanguage":"pt-PT","@id":"https:\/\/europeawineracks.com\/#\/schema\/logo\/image\/","url":"https:\/\/europeawineracks.com\/wp-content\/uploads\/2025\/04\/Capture-decran-2025-04-02-a-23.12.51-1.png","contentUrl":"https:\/\/europeawineracks.com\/wp-content\/uploads\/2025\/04\/Capture-decran-2025-04-02-a-23.12.51-1.png","width":283,"height":53,"caption":"\u00c9tag\u00e8res et cave \u00e0 vin"},"image":{"@id":"https:\/\/europeawineracks.com\/#\/schema\/logo\/image\/"},"sameAs":["https:\/\/www.facebook.com\/people\/Europea-Wine-Racks\/61570316947224\/","https:\/\/fr.pinterest.com\/millesimewineracksfrance\/","https:\/\/www.houzz.fr\/pro\/millesimewineracksfrance\/__public","https:\/\/www.instagram.com\/europeawineracks\/"],"description":"Especialista em equipamentos para adegas, a Europea Wine Racks concebe e fabrica solu\u00e7\u00f5es topo de gama para profissionais e particulares. Com um saber-fazer reconhecido e mais de 15 anos de experi\u00eancia, a empresa prop\u00f5e estantes para vinhos, arm\u00e1rios para vinhos e mobili\u00e1rio para adegas totalmente personaliz\u00e1veis. Quer seja propriet\u00e1rio de um restaurante, um comerciante de vinhos, um hoteleiro ou um conhecedor de vinhos finos, a Europea Wine Racks cria \u00e1reas de armazenamento e exposi\u00e7\u00e3o por medida que combinam design contempor\u00e2neo, funcionalidade e desempenho t\u00e9cnico. Sediada em Fran\u00e7a, a empresa est\u00e1 presente em todas as grandes cidades, como Paris, Lyon, Marselha, Bord\u00e9us e Lille, bem como em toda a Europa: Genebra, Bruxelas, Mil\u00e3o, Madrid, etc. Gra\u00e7as \u00e0 utiliza\u00e7\u00e3o de materiais de alta qualidade, \u00e0 modularidade total e ao apoio por medida, Europea Wine Racks transforma cada projeto de garrafeira numa verdadeira montra de garrafas.","email":"info@europeawineracks.com","telephone":"0489720869","legalName":"\u00e9tag\u00e9res \u00e0 vin contemporaine","vatID":"FR51921843975","taxID":"92184397500019","numberOfEmployees":{"@type":"QuantitativeValue","minValue":"1","maxValue":"10"}},{"@type":"Person","@id":"https:\/\/europeawineracks.com\/#\/schema\/person\/52904b7e2361b7bc4875668a139c837d","name":"administrador","sameAs":["https:\/\/europeawineracks.com"],"url":"https:\/\/europeawineracks.com\/pt\/author\/admin-2\/"}]}},"_links":{"self":[{"href":"https:\/\/europeawineracks.com\/pt\/wp-json\/wp\/v2\/posts\/1997","targetHints":{"allow":["GET"]}}],"collection":[{"href":"https:\/\/europeawineracks.com\/pt\/wp-json\/wp\/v2\/posts"}],"about":[{"href":"https:\/\/europeawineracks.com\/pt\/wp-json\/wp\/v2\/types\/post"}],"author":[{"embeddable":true,"href":"https:\/\/europeawineracks.com\/pt\/wp-json\/wp\/v2\/users\/2"}],"replies":[{"embeddable":true,"href":"https:\/\/europeawineracks.com\/pt\/wp-json\/wp\/v2\/comments?post=1997"}],"version-history":[{"count":1,"href":"https:\/\/europeawineracks.com\/pt\/wp-json\/wp\/v2\/posts\/1997\/revisions"}],"predecessor-version":[{"id":4602,"href":"https:\/\/europeawineracks.com\/pt\/wp-json\/wp\/v2\/posts\/1997\/revisions\/4602"}],"wp:featuredmedia":[{"embeddable":true,"href":"https:\/\/europeawineracks.com\/pt\/wp-json\/wp\/v2\/media\/666"}],"wp:attachment":[{"href":"https:\/\/europeawineracks.com\/pt\/wp-json\/wp\/v2\/media?parent=1997"}],"wp:term":[{"taxonomy":"category","embeddable":true,"href":"https:\/\/europeawineracks.com\/pt\/wp-json\/wp\/v2\/categories?post=1997"},{"taxonomy":"post_tag","embeddable":true,"href":"https:\/\/europeawineracks.com\/pt\/wp-json\/wp\/v2\/tags?post=1997"}],"curies":[{"name":"wp","href":"https:\/\/api.w.org\/{rel}","templated":true}]}}