{"id":1756,"date":"2022-10-27T14:27:00","date_gmt":"2022-10-27T12:27:00","guid":{"rendered":"https:\/\/europeawineracks.com\/?p=1756"},"modified":"2025-10-14T11:03:35","modified_gmt":"2025-10-14T09:03:35","slug":"quelle-temperature-pour-une-cave-a-vin","status":"publish","type":"post","link":"https:\/\/europeawineracks.com\/se\/quelle-temperature-pour-une-cave-a-vin\/","title":{"rendered":"Vilken temperatur f\u00f6r en vink\u00e4llare?"},"content":{"rendered":"<div data-elementor-type=\"wp-post\" data-elementor-id=\"1756\" class=\"elementor elementor-1756\" data-elementor-post-type=\"post\">\n\t\t\t\t\t\t<section class=\"elementor-section elementor-top-section elementor-element elementor-element-9b239b0 elementor-section-boxed elementor-section-height-default elementor-section-height-default\" data-id=\"9b239b0\" data-element_type=\"section\" data-e-type=\"section\">\n\t\t\t\t\t\t<div class=\"elementor-container elementor-column-gap-default\">\n\t\t\t\t\t<div class=\"elementor-column elementor-col-100 elementor-top-column elementor-element elementor-element-13b28f8\" data-id=\"13b28f8\" data-element_type=\"column\" data-e-type=\"column\">\n\t\t\t<div class=\"elementor-widget-wrap elementor-element-populated\">\n\t\t\t\t\t\t<div class=\"elementor-element elementor-element-51c10a3 elementor-widget elementor-widget-heading\" data-id=\"51c10a3\" data-element_type=\"widget\" data-e-type=\"widget\" data-widget_type=\"heading.default\">\n\t\t\t\t\t<h1 class=\"elementor-heading-title elementor-size-default\">Quelle temp\u00e9rature pour une cave \u00e0 vin ?<\/h1>\t\t\t\t<\/div>\n\t\t\t\t\t<\/div>\n\t\t<\/div>\n\t\t\t\t\t<\/div>\n\t\t<\/section>\n\t\t\t\t<section class=\"elementor-section elementor-top-section elementor-element elementor-element-5d1a3c0 elementor-section-boxed elementor-section-height-default elementor-section-height-default\" data-id=\"5d1a3c0\" data-element_type=\"section\" data-e-type=\"section\">\n\t\t\t\t\t\t<div class=\"elementor-container elementor-column-gap-default\">\n\t\t\t\t\t<div class=\"elementor-column elementor-col-100 elementor-top-column elementor-element elementor-element-b8a1929\" data-id=\"b8a1929\" data-element_type=\"column\" data-e-type=\"column\">\n\t\t\t<div class=\"elementor-widget-wrap elementor-element-populated\">\n\t\t\t\t\t\t<div class=\"elementor-element elementor-element-e36e414 elementor-widget elementor-widget-image\" data-id=\"e36e414\" data-element_type=\"widget\" data-e-type=\"widget\" data-widget_type=\"image.default\">\n\t\t\t\t\t\t\t\t\t\t\t\t\t\t\t<img fetchpriority=\"high\" decoding=\"async\" width=\"600\" height=\"400\" src=\"https:\/\/europeawineracks.com\/wp-content\/uploads\/2022\/07\/etageres-a-vin.jpg\" class=\"attachment-large size-large wp-image-665\" alt=\"\" srcset=\"https:\/\/europeawineracks.com\/wp-content\/uploads\/2022\/07\/etageres-a-vin.jpg 600w, https:\/\/europeawineracks.com\/wp-content\/uploads\/2022\/07\/etageres-a-vin-300x200.jpg 300w\" sizes=\"(max-width: 600px) 100vw, 600px\" \/>\t\t\t\t\t\t\t\t\t\t\t\t\t\t\t<\/div>\n\t\t\t\t<div class=\"elementor-element elementor-element-419b143 elementor-widget elementor-widget-text-editor\" data-id=\"419b143\" data-element_type=\"widget\" data-e-type=\"widget\" data-widget_type=\"text-editor.default\">\n\t\t\t\t\t\t\t\t\tVins rouges, vins blancs, vins ros\u00e9s, champagnes, vins doux naturels&#8230; toutes les cat\u00e9gories de vins ne se d\u00e9gustent pas \u00e0 la m\u00eame temp\u00e9rature. Toutefois, pour permettre une<strong> conservation<\/strong> optimale et un processus de <strong>\u00e5ldrande<\/strong> qui autorisent le vin \u00e0 se bonifier au fil des ann\u00e9es, il convient de respecter une certaine <strong>temp\u00e9rature<\/strong> au sein de votre<strong> vink\u00e4llare<\/strong>.\n\nDans l&rsquo;id\u00e9al, la temp\u00e9rature souhait\u00e9e dans une <strong>vink\u00e4llare<\/strong> doit \u00eatre de 12 degr\u00e9s de mani\u00e8re constante et en \u00e9vitant toute variation. Dans la r\u00e9alit\u00e9, alors qu&rsquo;il est difficile de maintenir la temp\u00e9rature d&rsquo;une cave au degr\u00e9 pr\u00e8s, une fourchette comprise entre 10 et 14 degr\u00e9s est tol\u00e9r\u00e9e sans que cela n&rsquo;entache le potentiel de bonification et de conservation de vos pr\u00e9cieux nectars.\n\n<h2 style=\"color: #303036; font-size: 16px; font-family: Montserrat;\">Comment une mauvaise temp\u00e9rature de conservation affecte le vin\u00a0?<\/h2>\n\nParmi toutes les conditions que doit remplir une cave \u00e0 vin digne de ce nom, le maintien d&rsquo;une temp\u00e9rature id\u00e9ale est certainement le crit\u00e8re le plus important avec le degr\u00e9 d&rsquo;humidit\u00e9.\n\nUn vin conserv\u00e9 dans un environnement trop chaud va vieillir beaucoup plus rapidement et ne laissera pas le temps aux tanins de se bonifier. Vous avez alors de grandes chances d&rsquo;ouvrir et de d\u00e9guster un vin insipide ou bien loin de vos attentes quand vous ne d\u00e9couvrez pas que le vin aura tourn\u00e9.\n\nLa<strong> temp\u00e9rature de conservation<\/strong> trop \u00e9lev\u00e9e va se traduire directement sur les ar\u00f4mes des vins avec une sensation de fruits cuits ou de caram\u00e9lisation. Les dommages peuvent \u00e9galement se r\u00e9v\u00e9ler sur le bouchon qui vient se dilater et soumettre le vin au risque d&rsquo;une oxydation le rendant impropre \u00e0 la consommation.\n\nD&rsquo;un autre c\u00f4t\u00e9, si les temp\u00e9ratures pr\u00e9sentes dans votre cave \u00e0 vin sont trop froides, vous risquez de voir la maturation de vos vins se stopper et ne retirer aucun b\u00e9n\u00e9fice \u00e0 le laisser vieillir, bien au contraire.\n\n<h2 style=\"color: #303036; font-size: 16px; font-family: Montserrat;\">A quelle temp\u00e9rature doit \u00eatre servi le vin\u00a0?<\/h2>\n\nEn mati\u00e8re de cave \u00e0 vin, il faut distinguer les diff\u00e9rentes sortes d&rsquo;am\u00e9nager ses espaces selon les objectifs. C&rsquo;est ainsi qu&rsquo;une <strong>mognadsk\u00e4llare <\/strong>va permettre au vin de se bonifier quand une cave de service ou une armoire \u00e0 vin va permettre de placer les bouteilles dans une temp\u00e9rature optimale pour la d\u00e9gustation du vin.\n\n<h2 style=\"color: #303036; font-size: 16px; font-family: Montserrat;\">Mill\u00e9sime Wine Racks vous donne quelques conseils d&rsquo;experts pour servir le vin \u00e0 la bonne temp\u00e9rature\u00a0:<\/h2>\n\n<h3 style=\"color: #303036; font-size: 16px; font-family: Montserrat;\">Les vins blancs<\/h3>\n<ul>\n \t<li>Entre 7 et 8 degr\u00e9s pour les champagnes,les vins doux naturels et les vins effervescents en g\u00e9n\u00e9ral.<\/li>\n \t<li>Entre 9 et 10 degr\u00e9s pour les vins d&rsquo;Alsace en vendanges tardives ou pour les vins moelleux.<\/li>\n \t<li>Entre 11 et 12 degr\u00e9s pour les vins blancs secs, les vins nobles, les champagnes mill\u00e9sim\u00e9s ou les vins liquoreux de grands crus.<\/li>\n \t<li>Entre 13 et 14 degr\u00e9s pour les vins jaunes ou les vins blancs secs de renom.<\/li>\n \t<li>Entre 15 et 16 degr\u00e9s pour les vins blancs \u00e0 fort mill\u00e9sime.<\/li>\n<\/ul>\n<h3 style=\"color: #303036; font-size: 16px; font-family: Montserrat;\">Les vins ros\u00e9s<\/h3>\n\n<ul>\n \t<li>Entre 7 et 8 degr\u00e9s pour les champagnes ros\u00e9s et autres vins p\u00e9tillants ros\u00e9s.<\/li>\n \t<li>9 \u00e0 10 degr\u00e9s pour les ros\u00e9s l\u00e9gers dits \u00ab\u00a0de soif\u00a0\u00bb.<\/li>\n \t<li>Entre 11 et 12 degr\u00e9s pour les ros\u00e9s classiques ou les champagnes ros\u00e9s mill\u00e9sim\u00e9s.<\/li>\n \t<li>De 13 \u00e0 14 degr\u00e9s pour les Bourgogne ros\u00e9s, les vins clairets ou les ros\u00e9s plus charnus.<\/li>\n<\/ul>\n<h3 style=\"color: #303036; font-size: 16px; font-family: Montserrat;\">Les vins rouges<\/h3>\n<ul>\n<ul>\n \t<li>11 \u00e0 12 degr\u00e9s pour les vins rouges fruit\u00e9s.<\/li>\n \t<li>Entre 13 et 14 degr\u00e9s pour les Beaujolais ou les vins doux naturels.<\/li>\n \t<li>De 15 \u00e0 16 degr\u00e9s pour les vins de Loire, du Rh\u00f4ne et les Bourgognes.<\/li>\n \t<li>De 17 \u00e0 18 degr\u00e9s pour les Bordeaux et tous les autres vins rouges ou pour les vins de type Porto.<\/li>\n \t<li>Jusqu&rsquo;\u00e0 19 \u00e0 20 degr\u00e9s pour les grands crus, les vins plus \u00e9labor\u00e9s ou les grands mill\u00e9simes.<\/li>\n<\/ul>\t\t\t\t\t\t\t\t<\/div>\n\t\t\t\t\t<\/div>\n\t\t<\/div>\n\t\t\t\t\t<\/div>\n\t\t<\/section>\n\t\t\t\t<\/div>","protected":false},"excerpt":{"rendered":"<p>Vilken temperatur f\u00f6r en vink\u00e4llare? R\u00f6da viner, vita viner, ros\u00e9viner, champagner, vins doux naturels ... alla typer av vin kan inte avnjutas vid samma temperatur. Men f\u00f6r att s\u00e4kerst\u00e4lla optimal lagring och en \u00e5ldringsprocess som g\u00f6r att vinet blir b\u00e4ttre med \u00e5ren, \u00e4r det l\u00e4mpligt att [...]<\/p>","protected":false},"author":2,"featured_media":665,"comment_status":"closed","ping_status":"closed","sticky":false,"template":"","format":"standard","meta":{"content-type":"","iawp_total_views":237,"footnotes":""},"categories":[1],"tags":[],"class_list":["post-1756","post","type-post","status-publish","format-standard","has-post-thumbnail","hentry","category-non-classifiee"],"yoast_head":"<!-- This site is optimized with the Yoast SEO Premium plugin v27.1 (Yoast SEO v28.3) - https:\/\/yoast.com\/product\/yoast-seo-premium-wordpress\/ -->\n<title>Quelle temp\u00e9rature pour une cave \u00e0 vin\u00a0?<\/title>\n<meta name=\"description\" content=\"Dotez-vous d&#039;une cave \u00e0 vin murale ou d&#039;\u00e9tag\u00e8res personnalis\u00e9es d&#039;Europea Wine Racks pour un rangement \u00e9l\u00e9gant et pratique.\" \/>\n<meta name=\"robots\" content=\"index, follow, max-snippet:-1, max-image-preview:large, max-video-preview:-1\" \/>\n<link rel=\"canonical\" href=\"https:\/\/europeawineracks.com\/se\/quelle-temperature-pour-une-cave-a-vin\/\" \/>\n<meta property=\"og:locale\" content=\"sv_SE\" \/>\n<meta property=\"og:type\" content=\"article\" \/>\n<meta property=\"og:title\" content=\"Quelle temp\u00e9rature pour une cave \u00e0 vin\u00a0?\" \/>\n<meta property=\"og:description\" content=\"Mobilier cave \u00e0 vin sur mesure : Europea Wine Racks con\u00e7oit des \u00e9tag\u00e8res \u00e0 vin et casiers \u00e0 vin pour caves \u00e9l\u00e9gantes et fonctionnelles.\" \/>\n<meta property=\"og:url\" content=\"https:\/\/europeawineracks.com\/se\/quelle-temperature-pour-une-cave-a-vin\/\" \/>\n<meta property=\"og:site_name\" content=\"\u00c9tag\u00e8res et cave \u00e0 vin\" \/>\n<meta property=\"article:publisher\" content=\"https:\/\/www.facebook.com\/people\/Europea-Wine-Racks\/61570316947224\/\" \/>\n<meta property=\"article:published_time\" content=\"2022-10-27T12:27:00+00:00\" \/>\n<meta property=\"article:modified_time\" content=\"2025-10-14T09:03:35+00:00\" \/>\n<meta property=\"og:image\" content=\"https:\/\/europeawineracks.com\/wp-content\/uploads\/2022\/07\/millesime-wine-cellar-86.jpg\" \/>\n\t<meta property=\"og:image:width\" content=\"600\" \/>\n\t<meta property=\"og:image:height\" content=\"400\" \/>\n\t<meta property=\"og:image:type\" content=\"image\/jpeg\" \/>\n<meta name=\"author\" content=\"admin\" \/>\n<meta name=\"twitter:card\" content=\"summary_large_image\" \/>\n<meta name=\"twitter:label1\" content=\"Skriven av\" \/>\n\t<meta name=\"twitter:data1\" content=\"admin\" \/>\n\t<meta name=\"twitter:label2\" content=\"Ber\u00e4knad l\u00e4stid\" \/>\n\t<meta name=\"twitter:data2\" content=\"4 minuter\" \/>\n<script type=\"application\/ld+json\" class=\"yoast-schema-graph\">{\"@context\":\"https:\\\/\\\/schema.org\",\"@graph\":[{\"@type\":\"Article\",\"@id\":\"https:\\\/\\\/europeawineracks.com\\\/quelle-temperature-pour-une-cave-a-vin\\\/#article\",\"isPartOf\":{\"@id\":\"https:\\\/\\\/europeawineracks.com\\\/quelle-temperature-pour-une-cave-a-vin\\\/\"},\"author\":{\"name\":\"admin\",\"@id\":\"https:\\\/\\\/europeawineracks.com\\\/#\\\/schema\\\/person\\\/52904b7e2361b7bc4875668a139c837d\"},\"headline\":\"Quelle temp\u00e9rature pour une cave \u00e0 vin\u00a0?\",\"datePublished\":\"2022-10-27T12:27:00+00:00\",\"dateModified\":\"2025-10-14T09:03:35+00:00\",\"mainEntityOfPage\":{\"@id\":\"https:\\\/\\\/europeawineracks.com\\\/quelle-temperature-pour-une-cave-a-vin\\\/\"},\"wordCount\":669,\"publisher\":{\"@id\":\"https:\\\/\\\/europeawineracks.com\\\/#organization\"},\"image\":{\"@id\":\"https:\\\/\\\/europeawineracks.com\\\/quelle-temperature-pour-une-cave-a-vin\\\/#primaryimage\"},\"thumbnailUrl\":\"https:\\\/\\\/europeawineracks.com\\\/wp-content\\\/uploads\\\/2022\\\/07\\\/etageres-a-vin.jpg\",\"articleSection\":[\"Non classifi\u00e9(e)\"],\"inLanguage\":\"sv-SE\"},{\"@type\":\"WebPage\",\"@id\":\"https:\\\/\\\/europeawineracks.com\\\/quelle-temperature-pour-une-cave-a-vin\\\/\",\"url\":\"https:\\\/\\\/europeawineracks.com\\\/quelle-temperature-pour-une-cave-a-vin\\\/\",\"name\":\"Quelle temp\u00e9rature pour une cave \u00e0 vin\u00a0?\",\"isPartOf\":{\"@id\":\"https:\\\/\\\/europeawineracks.com\\\/#website\"},\"primaryImageOfPage\":{\"@id\":\"https:\\\/\\\/europeawineracks.com\\\/quelle-temperature-pour-une-cave-a-vin\\\/#primaryimage\"},\"image\":{\"@id\":\"https:\\\/\\\/europeawineracks.com\\\/quelle-temperature-pour-une-cave-a-vin\\\/#primaryimage\"},\"thumbnailUrl\":\"https:\\\/\\\/europeawineracks.com\\\/wp-content\\\/uploads\\\/2022\\\/07\\\/etageres-a-vin.jpg\",\"datePublished\":\"2022-10-27T12:27:00+00:00\",\"dateModified\":\"2025-10-14T09:03:35+00:00\",\"description\":\"Dotez-vous d'une cave \u00e0 vin murale ou d'\u00e9tag\u00e8res personnalis\u00e9es d'Europea Wine Racks pour un rangement \u00e9l\u00e9gant et pratique.\",\"breadcrumb\":{\"@id\":\"https:\\\/\\\/europeawineracks.com\\\/quelle-temperature-pour-une-cave-a-vin\\\/#breadcrumb\"},\"inLanguage\":\"sv-SE\",\"potentialAction\":[{\"@type\":\"ReadAction\",\"target\":[\"https:\\\/\\\/europeawineracks.com\\\/quelle-temperature-pour-une-cave-a-vin\\\/\"]}]},{\"@type\":\"ImageObject\",\"inLanguage\":\"sv-SE\",\"@id\":\"https:\\\/\\\/europeawineracks.com\\\/quelle-temperature-pour-une-cave-a-vin\\\/#primaryimage\",\"url\":\"https:\\\/\\\/europeawineracks.com\\\/wp-content\\\/uploads\\\/2022\\\/07\\\/etageres-a-vin.jpg\",\"contentUrl\":\"https:\\\/\\\/europeawineracks.com\\\/wp-content\\\/uploads\\\/2022\\\/07\\\/etageres-a-vin.jpg\",\"width\":600,\"height\":400},{\"@type\":\"BreadcrumbList\",\"@id\":\"https:\\\/\\\/europeawineracks.com\\\/quelle-temperature-pour-une-cave-a-vin\\\/#breadcrumb\",\"itemListElement\":[{\"@type\":\"ListItem\",\"position\":1,\"name\":\"Accueil\",\"item\":\"https:\\\/\\\/europeawineracks.com\\\/\"},{\"@type\":\"ListItem\",\"position\":2,\"name\":\"Quelle temp\u00e9rature pour une cave \u00e0 vin\u00a0?\"}]},{\"@type\":\"WebSite\",\"@id\":\"https:\\\/\\\/europeawineracks.com\\\/#website\",\"url\":\"https:\\\/\\\/europeawineracks.com\\\/\",\"name\":\"Europea Wine Racks\",\"description\":\"Vos grands crus sous tous les angles\",\"publisher\":{\"@id\":\"https:\\\/\\\/europeawineracks.com\\\/#organization\"},\"potentialAction\":[{\"@type\":\"SearchAction\",\"target\":{\"@type\":\"EntryPoint\",\"urlTemplate\":\"https:\\\/\\\/europeawineracks.com\\\/?s={search_term_string}\"},\"query-input\":{\"@type\":\"PropertyValueSpecification\",\"valueRequired\":true,\"valueName\":\"search_term_string\"}}],\"inLanguage\":\"sv-SE\"},{\"@type\":\"Organization\",\"@id\":\"https:\\\/\\\/europeawineracks.com\\\/#organization\",\"name\":\"\u00c9tag\u00e8res et cave \u00e0 vin\",\"alternateName\":\"Europea Wine Racks\",\"url\":\"https:\\\/\\\/europeawineracks.com\\\/\",\"logo\":{\"@type\":\"ImageObject\",\"inLanguage\":\"sv-SE\",\"@id\":\"https:\\\/\\\/europeawineracks.com\\\/#\\\/schema\\\/logo\\\/image\\\/\",\"url\":\"https:\\\/\\\/europeawineracks.com\\\/wp-content\\\/uploads\\\/2025\\\/04\\\/Capture-decran-2025-04-02-a-23.12.51-1.png\",\"contentUrl\":\"https:\\\/\\\/europeawineracks.com\\\/wp-content\\\/uploads\\\/2025\\\/04\\\/Capture-decran-2025-04-02-a-23.12.51-1.png\",\"width\":283,\"height\":53,\"caption\":\"\u00c9tag\u00e8res et cave \u00e0 vin\"},\"image\":{\"@id\":\"https:\\\/\\\/europeawineracks.com\\\/#\\\/schema\\\/logo\\\/image\\\/\"},\"sameAs\":[\"https:\\\/\\\/www.facebook.com\\\/people\\\/Europea-Wine-Racks\\\/61570316947224\\\/\",\"https:\\\/\\\/fr.pinterest.com\\\/millesimewineracksfrance\\\/\",\"https:\\\/\\\/www.houzz.fr\\\/pro\\\/millesimewineracksfrance\\\/__public\",\"https:\\\/\\\/www.instagram.com\\\/europeawineracks\\\/\"],\"description\":\"l'expertise du mobilier cave \u00e0 vin sur mesure en France et en Europe Sp\u00e9cialiste de l\u2019am\u00e9nagement de cave \u00e0 vin, Europea Wine Racks con\u00e7oit et fabrique des solutions haut de gamme pour les professionnels et les particuliers. Gr\u00e2ce \u00e0 un savoir-faire reconnu et plus de 15 ans d\u2019exp\u00e9rience, l\u2019entreprise propose des \u00e9tag\u00e8res \u00e0 vin, casiers \u00e0 vin et mobilier cave \u00e0 vin enti\u00e8rement personnalisables. Que vous soyez restaurateur, caviste, h\u00f4telier ou amateur de grands crus, Europea Wine Racks cr\u00e9e des espaces de conservation et de pr\u00e9sentation sur mesure, alliant design contemporain, fonctionnalit\u00e9 et performance technique. Install\u00e9e en France, l\u2019entreprise intervient dans toutes les grandes villes comme Paris, Lyon, Marseille, Bordeaux, Lille, mais aussi \u00e0 l\u2019\u00e9chelle europ\u00e9enne : Gen\u00e8ve, Bruxelles, Milan, Madrid\u2026 Gr\u00e2ce \u00e0 des mat\u00e9riaux nobles, une modularit\u00e9 totale et un accompagnement sur-mesure, Europea Wine Racks transforme chaque projet de cave \u00e0 vin en un v\u00e9ritable \u00e9crin \u00e0 bouteilles.\",\"email\":\"info@europeawineracks.com\",\"telephone\":\"0489720869\",\"legalName\":\"\u00e9tag\u00e9res \u00e0 vin contemporaine\",\"vatID\":\"FR51921843975\",\"taxID\":\"92184397500019\",\"numberOfEmployees\":{\"@type\":\"QuantitativeValue\",\"minValue\":\"1\",\"maxValue\":\"10\"}},{\"@type\":\"Person\",\"@id\":\"https:\\\/\\\/europeawineracks.com\\\/#\\\/schema\\\/person\\\/52904b7e2361b7bc4875668a139c837d\",\"name\":\"admin\",\"sameAs\":[\"https:\\\/\\\/europeawineracks.com\"],\"url\":\"https:\\\/\\\/europeawineracks.com\\\/se\\\/author\\\/admin-2\\\/\"}]}<\/script>\n<!-- \/ Yoast SEO Premium plugin. -->","yoast_head_json":{"title":"Vilken temperatur f\u00f6r en vink\u00e4llare?","description":"Dotez-vous d'une cave \u00e0 vin murale ou d'\u00e9tag\u00e8res personnalis\u00e9es d'Europea Wine Racks pour un rangement \u00e9l\u00e9gant et pratique.","robots":{"index":"index","follow":"follow","max-snippet":"max-snippet:-1","max-image-preview":"max-image-preview:large","max-video-preview":"max-video-preview:-1"},"canonical":"https:\/\/europeawineracks.com\/se\/quelle-temperature-pour-une-cave-a-vin\/","og_locale":"sv_SE","og_type":"article","og_title":"Quelle temp\u00e9rature pour une cave \u00e0 vin\u00a0?","og_description":"Mobilier cave \u00e0 vin sur mesure : Europea Wine Racks con\u00e7oit des \u00e9tag\u00e8res \u00e0 vin et casiers \u00e0 vin pour caves \u00e9l\u00e9gantes et fonctionnelles.","og_url":"https:\/\/europeawineracks.com\/se\/quelle-temperature-pour-une-cave-a-vin\/","og_site_name":"\u00c9tag\u00e8res et cave \u00e0 vin","article_publisher":"https:\/\/www.facebook.com\/people\/Europea-Wine-Racks\/61570316947224\/","article_published_time":"2022-10-27T12:27:00+00:00","article_modified_time":"2025-10-14T09:03:35+00:00","og_image":[{"width":600,"height":400,"url":"https:\/\/europeawineracks.com\/wp-content\/uploads\/2022\/07\/millesime-wine-cellar-86.jpg","type":"image\/jpeg"}],"author":"admin","twitter_card":"summary_large_image","twitter_misc":{"Skriven av":"admin","Ber\u00e4knad l\u00e4stid":"4 minuter"},"schema":{"@context":"https:\/\/schema.org","@graph":[{"@type":"Article","@id":"https:\/\/europeawineracks.com\/quelle-temperature-pour-une-cave-a-vin\/#article","isPartOf":{"@id":"https:\/\/europeawineracks.com\/quelle-temperature-pour-une-cave-a-vin\/"},"author":{"name":"admin","@id":"https:\/\/europeawineracks.com\/#\/schema\/person\/52904b7e2361b7bc4875668a139c837d"},"headline":"Quelle temp\u00e9rature pour une cave \u00e0 vin\u00a0?","datePublished":"2022-10-27T12:27:00+00:00","dateModified":"2025-10-14T09:03:35+00:00","mainEntityOfPage":{"@id":"https:\/\/europeawineracks.com\/quelle-temperature-pour-une-cave-a-vin\/"},"wordCount":669,"publisher":{"@id":"https:\/\/europeawineracks.com\/#organization"},"image":{"@id":"https:\/\/europeawineracks.com\/quelle-temperature-pour-une-cave-a-vin\/#primaryimage"},"thumbnailUrl":"https:\/\/europeawineracks.com\/wp-content\/uploads\/2022\/07\/etageres-a-vin.jpg","articleSection":["Non classifi\u00e9(e)"],"inLanguage":"sv-SE"},{"@type":"WebPage","@id":"https:\/\/europeawineracks.com\/quelle-temperature-pour-une-cave-a-vin\/","url":"https:\/\/europeawineracks.com\/quelle-temperature-pour-une-cave-a-vin\/","name":"Vilken temperatur f\u00f6r en vink\u00e4llare?","isPartOf":{"@id":"https:\/\/europeawineracks.com\/#website"},"primaryImageOfPage":{"@id":"https:\/\/europeawineracks.com\/quelle-temperature-pour-une-cave-a-vin\/#primaryimage"},"image":{"@id":"https:\/\/europeawineracks.com\/quelle-temperature-pour-une-cave-a-vin\/#primaryimage"},"thumbnailUrl":"https:\/\/europeawineracks.com\/wp-content\/uploads\/2022\/07\/etageres-a-vin.jpg","datePublished":"2022-10-27T12:27:00+00:00","dateModified":"2025-10-14T09:03:35+00:00","description":"Dotez-vous d'une cave \u00e0 vin murale ou d'\u00e9tag\u00e8res personnalis\u00e9es d'Europea Wine Racks pour un rangement \u00e9l\u00e9gant et pratique.","breadcrumb":{"@id":"https:\/\/europeawineracks.com\/quelle-temperature-pour-une-cave-a-vin\/#breadcrumb"},"inLanguage":"sv-SE","potentialAction":[{"@type":"ReadAction","target":["https:\/\/europeawineracks.com\/quelle-temperature-pour-une-cave-a-vin\/"]}]},{"@type":"ImageObject","inLanguage":"sv-SE","@id":"https:\/\/europeawineracks.com\/quelle-temperature-pour-une-cave-a-vin\/#primaryimage","url":"https:\/\/europeawineracks.com\/wp-content\/uploads\/2022\/07\/etageres-a-vin.jpg","contentUrl":"https:\/\/europeawineracks.com\/wp-content\/uploads\/2022\/07\/etageres-a-vin.jpg","width":600,"height":400},{"@type":"BreadcrumbList","@id":"https:\/\/europeawineracks.com\/quelle-temperature-pour-une-cave-a-vin\/#breadcrumb","itemListElement":[{"@type":"ListItem","position":1,"name":"Accueil","item":"https:\/\/europeawineracks.com\/"},{"@type":"ListItem","position":2,"name":"Quelle temp\u00e9rature pour une cave \u00e0 vin\u00a0?"}]},{"@type":"WebSite","@id":"https:\/\/europeawineracks.com\/#website","url":"https:\/\/europeawineracks.com\/","name":"Europea Vinst\u00e4ll","description":"Dina barnbarns kross fr\u00e5n alla vinklar","publisher":{"@id":"https:\/\/europeawineracks.com\/#organization"},"potentialAction":[{"@type":"SearchAction","target":{"@type":"EntryPoint","urlTemplate":"https:\/\/europeawineracks.com\/?s={search_term_string}"},"query-input":{"@type":"PropertyValueSpecification","valueRequired":true,"valueName":"search_term_string"}}],"inLanguage":"sv-SE"},{"@type":"Organization","@id":"https:\/\/europeawineracks.com\/#organization","name":"Hyllor och vink\u00e4llare","alternateName":"Europea Wine Racks","url":"https:\/\/europeawineracks.com\/","logo":{"@type":"ImageObject","inLanguage":"sv-SE","@id":"https:\/\/europeawineracks.com\/#\/schema\/logo\/image\/","url":"https:\/\/europeawineracks.com\/wp-content\/uploads\/2025\/04\/Capture-decran-2025-04-02-a-23.12.51-1.png","contentUrl":"https:\/\/europeawineracks.com\/wp-content\/uploads\/2025\/04\/Capture-decran-2025-04-02-a-23.12.51-1.png","width":283,"height":53,"caption":"\u00c9tag\u00e8res et cave \u00e0 vin"},"image":{"@id":"https:\/\/europeawineracks.com\/#\/schema\/logo\/image\/"},"sameAs":["https:\/\/www.facebook.com\/people\/Europea-Wine-Racks\/61570316947224\/","https:\/\/fr.pinterest.com\/millesimewineracksfrance\/","https:\/\/www.houzz.fr\/pro\/millesimewineracksfrance\/__public","https:\/\/www.instagram.com\/europeawineracks\/"],"description":"Europea Wine Racks \u00e4r specialister p\u00e5 vink\u00e4llarinredning och designar och tillverkar l\u00f6sningar i toppklass f\u00f6r professionella och privata kunder. Med erk\u00e4nd expertis och \u00f6ver 15 \u00e5rs erfarenhet erbjuder f\u00f6retaget helt anpassningsbara vinst\u00e4ll, vinsk\u00e5p och vink\u00e4llarm\u00f6bler. Oavsett om du \u00e4r restaurang\u00e4gare, vinhandlare, hotell\u00e4gare eller vink\u00e4nnare skapar Europea Wine Racks skr\u00e4ddarsydda lagrings- och utst\u00e4llningsytor som kombinerar modern design, funktionalitet och teknisk prestanda. F\u00f6retaget \u00e4r baserat i Frankrike och \u00e4r verksamt i alla st\u00f6rre st\u00e4der, inklusive Paris, Lyon, Marseille, Bordeaux och Lille, samt i hela Europa: Gen\u00e8ve, Bryssel, Milano, Madrid etc. Tack vare anv\u00e4ndningen av h\u00f6gkvalitativa material, total modularitet och m\u00e5ttanpassad support f\u00f6rvandlar Europea Wine Racks varje vink\u00e4llarprojekt till ett verkligt skyltf\u00f6nster f\u00f6r flaskor.","email":"info@europeawineracks.com","telephone":"0489720869","legalName":"\u00e9tag\u00e9res \u00e0 vin contemporaine","vatID":"FR51921843975","taxID":"92184397500019","numberOfEmployees":{"@type":"QuantitativeValue","minValue":"1","maxValue":"10"}},{"@type":"Person","@id":"https:\/\/europeawineracks.com\/#\/schema\/person\/52904b7e2361b7bc4875668a139c837d","name":"admin","sameAs":["https:\/\/europeawineracks.com"],"url":"https:\/\/europeawineracks.com\/se\/author\/admin-2\/"}]}},"_links":{"self":[{"href":"https:\/\/europeawineracks.com\/se\/wp-json\/wp\/v2\/posts\/1756","targetHints":{"allow":["GET"]}}],"collection":[{"href":"https:\/\/europeawineracks.com\/se\/wp-json\/wp\/v2\/posts"}],"about":[{"href":"https:\/\/europeawineracks.com\/se\/wp-json\/wp\/v2\/types\/post"}],"author":[{"embeddable":true,"href":"https:\/\/europeawineracks.com\/se\/wp-json\/wp\/v2\/users\/2"}],"replies":[{"embeddable":true,"href":"https:\/\/europeawineracks.com\/se\/wp-json\/wp\/v2\/comments?post=1756"}],"version-history":[{"count":1,"href":"https:\/\/europeawineracks.com\/se\/wp-json\/wp\/v2\/posts\/1756\/revisions"}],"predecessor-version":[{"id":4605,"href":"https:\/\/europeawineracks.com\/se\/wp-json\/wp\/v2\/posts\/1756\/revisions\/4605"}],"wp:featuredmedia":[{"embeddable":true,"href":"https:\/\/europeawineracks.com\/se\/wp-json\/wp\/v2\/media\/665"}],"wp:attachment":[{"href":"https:\/\/europeawineracks.com\/se\/wp-json\/wp\/v2\/media?parent=1756"}],"wp:term":[{"taxonomy":"category","embeddable":true,"href":"https:\/\/europeawineracks.com\/se\/wp-json\/wp\/v2\/categories?post=1756"},{"taxonomy":"post_tag","embeddable":true,"href":"https:\/\/europeawineracks.com\/se\/wp-json\/wp\/v2\/tags?post=1756"}],"curies":[{"name":"wp","href":"https:\/\/api.w.org\/{rel}","templated":true}]}}